{"id":2313,"date":"2023-09-15T09:11:00","date_gmt":"2023-09-15T09:11:00","guid":{"rendered":"https:\/\/www.2000m2.eu\/?p=2313"},"modified":"2024-11-26T17:41:41","modified_gmt":"2024-11-26T17:41:41","slug":"beiratstreffen-2023","status":"publish","type":"post","link":"https:\/\/www.2000m2.eu\/de\/aktuelles\/schweiz\/beiratstreffen-2023\/","title":{"rendered":"Beiratstreffen 2023"},"content":{"rendered":"\n<h1 class=\"wp-block-heading\">Beiratstreffen 2023 auf dem Weltacker Attiswil<\/h1>\n\n\n\n<figure class=\"wp-block-image size-large\"><img decoding=\"async\" width=\"1024\" height=\"575\" src=\"https:\/\/www.2000m2.eu\/wp-content\/uploads\/grafik-5-1024x575.jpg\" alt=\"Acht Personen stehen auf dem Weltacker im Kreis und sind in ein Gespr\u00e4ch vertieft.\" class=\"wp-image-2314\" srcset=\"https:\/\/www.2000m2.eu\/wp-content\/uploads\/grafik-5-1024x575.jpg 1024w, https:\/\/www.2000m2.eu\/wp-content\/uploads\/grafik-5-300x169.jpg 300w, https:\/\/www.2000m2.eu\/wp-content\/uploads\/grafik-5-768x432.jpg 768w, https:\/\/www.2000m2.eu\/wp-content\/uploads\/grafik-5-1536x863.jpg 1536w, https:\/\/www.2000m2.eu\/wp-content\/uploads\/grafik-5.jpg 1920w\" sizes=\"(max-width: 1024px) 100vw, 1024px\" \/><figcaption class=\"wp-element-caption\">Beiratstreffen 2023 auf dem Weltacker Attiswil<\/figcaption><\/figure>\n\n\n\n<p><strong>Am 7. September fand bei strahlendem Sonnenschein das Beiratstreffen 2023 statt. Es bot Gelegenheit den Weltacker Attiswil zu besichtigen und sich auszutauschen.&nbsp;<\/strong><\/p>\n\n\n\n<p>Der Beirat, bestehend aus Pers\u00f6nlichkeiten aus Politik, Forschung und Non-Profit-Organisationen begleitet Weltacker Schweiz seit 2019 mit Fachwissen, Anregungen und Kritik. Am 7. September haben sich Mitglieder des Beirats mit Mitarbeiter:innen der Gesch\u00e4ftsstelle und Vorstand von Weltacker Schweiz sowie Vertreter:innen der 3 Umsetzungspartner Weltacker Nuglar, Weltacker Bern und Weltacker Attiswil auf dem Weltacker Attiswil getroffen. Der erste Agendapunkt war das Kennenlernen von St\u00e9phanie W\u00fcrth, die per 1. September die Gesch\u00e4ftsleitung von Weltacker Schweiz \u00fcbernommen hat. Anschliessend sind die Teilnehmer:innen, angeleitet von Rosmarie Zimmermann vom Weltacker Attiswil, \u00fcber den wundersch\u00f6nen Acker spaziert. Nach einer kleinen Erfrischung wurden in kleine Gruppen verschiedene Zukunftsthemen, wie das Gewinnen von neuen Umsetzungspartner:innen oder k\u00fcnftige Kooperationen diskutiert.&nbsp;<\/p>\n\n\n\n<p>Es freut Weltacker Schweiz, im aktiven Austausch mit einem \u00e4usserst durchmischten, prominent besetzten Beirat zu stehen und auf dessen fachliche Unterst\u00fctzung und Vernetzung z\u00e4hlen zu d\u00fcrfen. Herzlichen Dank f\u00fcr den sch\u00f6nen und inspirierenden Nachmittag.&nbsp;<\/p>\n","protected":false},"excerpt":{"rendered":"<p>Am 7. September fand bei strahlendem Sonnenschein das Beiratstreffen 2023 statt. Es bot Gelegenheit den Weltacker Attiswil zu besichtigen und sich auszutauschen.\u00a0Der Beirat, bestehend aus Pers\u00f6nlichkeiten aus Politik, Forschung und Non-Profit-Organisationen begleitet Weltacker Schweiz seit 2019 mit Fachwissen, Anregungen und Kritik&#8230;.<\/p>\n","protected":false},"author":3,"featured_media":2314,"comment_status":"closed","ping_status":"open","sticky":false,"template":"","format":"standard","meta":{"footnotes":""},"categories":[26],"tags":[],"class_list":["post-2313","post","type-post","status-publish","format-standard","has-post-thumbnail","hentry","category-schweiz"],"yoast_head":"<!-- This site is optimized with the Yoast SEO plugin v27.4 - https:\/\/yoast.com\/product\/yoast-seo-wordpress\/ -->\n<title>Beiratstreffen 2023 - 2000m2<\/title>\n<meta name=\"robots\" content=\"index, follow, max-snippet:-1, max-image-preview:large, max-video-preview:-1\" \/>\n<link rel=\"canonical\" href=\"https:\/\/www.2000m2.eu\/de\/aktuelles\/schweiz\/beiratstreffen-2023\/\" \/>\n<meta property=\"og:locale\" content=\"de_DE\" \/>\n<meta property=\"og:type\" content=\"article\" \/>\n<meta property=\"og:title\" content=\"Beiratstreffen 2023 - 2000m2\" \/>\n<meta property=\"og:description\" content=\"Am 7. September fand bei strahlendem Sonnenschein das Beiratstreffen 2023 statt. Es bot Gelegenheit den Weltacker Attiswil zu besichtigen und sich auszutauschen.\u00a0Der Beirat, bestehend aus Pers\u00f6nlichkeiten aus Politik, Forschung und Non-Profit-Organisationen begleitet Weltacker Schweiz seit 2019 mit Fachwissen, Anregungen und Kritik....\" \/>\n<meta property=\"og:url\" content=\"https:\/\/www.2000m2.eu\/de\/aktuelles\/schweiz\/beiratstreffen-2023\/\" \/>\n<meta property=\"og:site_name\" content=\"2000m2\" \/>\n<meta property=\"article:published_time\" content=\"2023-09-15T09:11:00+00:00\" \/>\n<meta property=\"article:modified_time\" content=\"2024-11-26T17:41:41+00:00\" \/>\n<meta property=\"og:image\" content=\"https:\/\/www.2000m2.eu\/wp-content\/uploads\/grafik-5.jpg\" \/>\n\t<meta property=\"og:image:width\" content=\"1920\" \/>\n\t<meta property=\"og:image:height\" content=\"1079\" \/>\n\t<meta property=\"og:image:type\" content=\"image\/jpeg\" \/>\n<meta name=\"author\" content=\"St\u00e9phanie W\u00fcrth\" \/>\n<meta name=\"twitter:card\" content=\"summary_large_image\" \/>\n<meta name=\"twitter:label1\" content=\"Verfasst von\" \/>\n\t<meta name=\"twitter:data1\" content=\"St\u00e9phanie W\u00fcrth\" \/>\n\t<meta name=\"twitter:label2\" content=\"Gesch\u00e4tzte Lesezeit\" \/>\n\t<meta name=\"twitter:data2\" content=\"2\u00a0Minuten\" \/>\n<script type=\"application\/ld+json\" class=\"yoast-schema-graph\">{\"@context\":\"https:\\\/\\\/schema.org\",\"@graph\":[{\"@type\":\"Article\",\"@id\":\"https:\\\/\\\/www.2000m2.eu\\\/de\\\/aktuelles\\\/schweiz\\\/beiratstreffen-2023\\\/#article\",\"isPartOf\":{\"@id\":\"https:\\\/\\\/www.2000m2.eu\\\/de\\\/aktuelles\\\/schweiz\\\/beiratstreffen-2023\\\/\"},\"author\":{\"name\":\"St\u00e9phanie W\u00fcrth\",\"@id\":\"https:\\\/\\\/www.2000m2.eu\\\/de\\\/#\\\/schema\\\/person\\\/3d02596171b6ba549800d3e5cb04862f\"},\"headline\":\"Beiratstreffen 2023\",\"datePublished\":\"2023-09-15T09:11:00+00:00\",\"dateModified\":\"2024-11-26T17:41:41+00:00\",\"mainEntityOfPage\":{\"@id\":\"https:\\\/\\\/www.2000m2.eu\\\/de\\\/aktuelles\\\/schweiz\\\/beiratstreffen-2023\\\/\"},\"wordCount\":190,\"publisher\":{\"@id\":\"https:\\\/\\\/www.2000m2.eu\\\/de\\\/#organization\"},\"image\":{\"@id\":\"https:\\\/\\\/www.2000m2.eu\\\/de\\\/aktuelles\\\/schweiz\\\/beiratstreffen-2023\\\/#primaryimage\"},\"thumbnailUrl\":\"https:\\\/\\\/www.2000m2.eu\\\/wp-content\\\/uploads\\\/grafik-5.jpg\",\"articleSection\":[\"Schweiz\"],\"inLanguage\":\"de\"},{\"@type\":\"WebPage\",\"@id\":\"https:\\\/\\\/www.2000m2.eu\\\/de\\\/aktuelles\\\/schweiz\\\/beiratstreffen-2023\\\/\",\"url\":\"https:\\\/\\\/www.2000m2.eu\\\/de\\\/aktuelles\\\/schweiz\\\/beiratstreffen-2023\\\/\",\"name\":\"Beiratstreffen 2023 - 2000m2\",\"isPartOf\":{\"@id\":\"https:\\\/\\\/www.2000m2.eu\\\/de\\\/#website\"},\"primaryImageOfPage\":{\"@id\":\"https:\\\/\\\/www.2000m2.eu\\\/de\\\/aktuelles\\\/schweiz\\\/beiratstreffen-2023\\\/#primaryimage\"},\"image\":{\"@id\":\"https:\\\/\\\/www.2000m2.eu\\\/de\\\/aktuelles\\\/schweiz\\\/beiratstreffen-2023\\\/#primaryimage\"},\"thumbnailUrl\":\"https:\\\/\\\/www.2000m2.eu\\\/wp-content\\\/uploads\\\/grafik-5.jpg\",\"datePublished\":\"2023-09-15T09:11:00+00:00\",\"dateModified\":\"2024-11-26T17:41:41+00:00\",\"breadcrumb\":{\"@id\":\"https:\\\/\\\/www.2000m2.eu\\\/de\\\/aktuelles\\\/schweiz\\\/beiratstreffen-2023\\\/#breadcrumb\"},\"inLanguage\":\"de\",\"potentialAction\":[{\"@type\":\"ReadAction\",\"target\":[\"https:\\\/\\\/www.2000m2.eu\\\/de\\\/aktuelles\\\/schweiz\\\/beiratstreffen-2023\\\/\"]}]},{\"@type\":\"ImageObject\",\"inLanguage\":\"de\",\"@id\":\"https:\\\/\\\/www.2000m2.eu\\\/de\\\/aktuelles\\\/schweiz\\\/beiratstreffen-2023\\\/#primaryimage\",\"url\":\"https:\\\/\\\/www.2000m2.eu\\\/wp-content\\\/uploads\\\/grafik-5.jpg\",\"contentUrl\":\"https:\\\/\\\/www.2000m2.eu\\\/wp-content\\\/uploads\\\/grafik-5.jpg\",\"width\":1920,\"height\":1079},{\"@type\":\"BreadcrumbList\",\"@id\":\"https:\\\/\\\/www.2000m2.eu\\\/de\\\/aktuelles\\\/schweiz\\\/beiratstreffen-2023\\\/#breadcrumb\",\"itemListElement\":[{\"@type\":\"ListItem\",\"position\":1,\"name\":\"Home\",\"item\":\"https:\\\/\\\/www.2000m2.eu\\\/de\\\/startseite\\\/\"},{\"@type\":\"ListItem\",\"position\":2,\"name\":\"Beiratstreffen 2023\"}]},{\"@type\":\"WebSite\",\"@id\":\"https:\\\/\\\/www.2000m2.eu\\\/de\\\/#website\",\"url\":\"https:\\\/\\\/www.2000m2.eu\\\/de\\\/\",\"name\":\"2000m2\",\"description\":\"\",\"publisher\":{\"@id\":\"https:\\\/\\\/www.2000m2.eu\\\/de\\\/#organization\"},\"potentialAction\":[{\"@type\":\"SearchAction\",\"target\":{\"@type\":\"EntryPoint\",\"urlTemplate\":\"https:\\\/\\\/www.2000m2.eu\\\/de\\\/?s={search_term_string}\"},\"query-input\":{\"@type\":\"PropertyValueSpecification\",\"valueRequired\":true,\"valueName\":\"search_term_string\"}}],\"inLanguage\":\"de\"},{\"@type\":\"Organization\",\"@id\":\"https:\\\/\\\/www.2000m2.eu\\\/de\\\/#organization\",\"name\":\"2000m2\",\"url\":\"https:\\\/\\\/www.2000m2.eu\\\/de\\\/\",\"logo\":{\"@type\":\"ImageObject\",\"inLanguage\":\"de\",\"@id\":\"https:\\\/\\\/www.2000m2.eu\\\/de\\\/#\\\/schema\\\/logo\\\/image\\\/\",\"url\":\"https:\\\/\\\/www.2000m2.eu\\\/wp-content\\\/uploads\\\/logo.png\",\"contentUrl\":\"https:\\\/\\\/www.2000m2.eu\\\/wp-content\\\/uploads\\\/logo.png\",\"width\":445,\"height\":140,\"caption\":\"2000m2\"},\"image\":{\"@id\":\"https:\\\/\\\/www.2000m2.eu\\\/de\\\/#\\\/schema\\\/logo\\\/image\\\/\"}},{\"@type\":\"Person\",\"@id\":\"https:\\\/\\\/www.2000m2.eu\\\/de\\\/#\\\/schema\\\/person\\\/3d02596171b6ba549800d3e5cb04862f\",\"name\":\"St\u00e9phanie W\u00fcrth\",\"url\":\"https:\\\/\\\/www.2000m2.eu\\\/de\\\/author\\\/steffi\\\/\"}]}<\/script>\n<!-- \/ Yoast SEO plugin. -->","yoast_head_json":{"title":"Beiratstreffen 2023 - 2000m2","robots":{"index":"index","follow":"follow","max-snippet":"max-snippet:-1","max-image-preview":"max-image-preview:large","max-video-preview":"max-video-preview:-1"},"canonical":"https:\/\/www.2000m2.eu\/de\/aktuelles\/schweiz\/beiratstreffen-2023\/","og_locale":"de_DE","og_type":"article","og_title":"Beiratstreffen 2023 - 2000m2","og_description":"Am 7. September fand bei strahlendem Sonnenschein das Beiratstreffen 2023 statt. Es bot Gelegenheit den Weltacker Attiswil zu besichtigen und sich auszutauschen.\u00a0Der Beirat, bestehend aus Pers\u00f6nlichkeiten aus Politik, Forschung und Non-Profit-Organisationen begleitet Weltacker Schweiz seit 2019 mit Fachwissen, Anregungen und Kritik....","og_url":"https:\/\/www.2000m2.eu\/de\/aktuelles\/schweiz\/beiratstreffen-2023\/","og_site_name":"2000m2","article_published_time":"2023-09-15T09:11:00+00:00","article_modified_time":"2024-11-26T17:41:41+00:00","og_image":[{"width":1920,"height":1079,"url":"https:\/\/www.2000m2.eu\/wp-content\/uploads\/grafik-5.jpg","type":"image\/jpeg"}],"author":"St\u00e9phanie W\u00fcrth","twitter_card":"summary_large_image","twitter_misc":{"Verfasst von":"St\u00e9phanie W\u00fcrth","Gesch\u00e4tzte Lesezeit":"2\u00a0Minuten"},"schema":{"@context":"https:\/\/schema.org","@graph":[{"@type":"Article","@id":"https:\/\/www.2000m2.eu\/de\/aktuelles\/schweiz\/beiratstreffen-2023\/#article","isPartOf":{"@id":"https:\/\/www.2000m2.eu\/de\/aktuelles\/schweiz\/beiratstreffen-2023\/"},"author":{"name":"St\u00e9phanie W\u00fcrth","@id":"https:\/\/www.2000m2.eu\/de\/#\/schema\/person\/3d02596171b6ba549800d3e5cb04862f"},"headline":"Beiratstreffen 2023","datePublished":"2023-09-15T09:11:00+00:00","dateModified":"2024-11-26T17:41:41+00:00","mainEntityOfPage":{"@id":"https:\/\/www.2000m2.eu\/de\/aktuelles\/schweiz\/beiratstreffen-2023\/"},"wordCount":190,"publisher":{"@id":"https:\/\/www.2000m2.eu\/de\/#organization"},"image":{"@id":"https:\/\/www.2000m2.eu\/de\/aktuelles\/schweiz\/beiratstreffen-2023\/#primaryimage"},"thumbnailUrl":"https:\/\/www.2000m2.eu\/wp-content\/uploads\/grafik-5.jpg","articleSection":["Schweiz"],"inLanguage":"de"},{"@type":"WebPage","@id":"https:\/\/www.2000m2.eu\/de\/aktuelles\/schweiz\/beiratstreffen-2023\/","url":"https:\/\/www.2000m2.eu\/de\/aktuelles\/schweiz\/beiratstreffen-2023\/","name":"Beiratstreffen 2023 - 2000m2","isPartOf":{"@id":"https:\/\/www.2000m2.eu\/de\/#website"},"primaryImageOfPage":{"@id":"https:\/\/www.2000m2.eu\/de\/aktuelles\/schweiz\/beiratstreffen-2023\/#primaryimage"},"image":{"@id":"https:\/\/www.2000m2.eu\/de\/aktuelles\/schweiz\/beiratstreffen-2023\/#primaryimage"},"thumbnailUrl":"https:\/\/www.2000m2.eu\/wp-content\/uploads\/grafik-5.jpg","datePublished":"2023-09-15T09:11:00+00:00","dateModified":"2024-11-26T17:41:41+00:00","breadcrumb":{"@id":"https:\/\/www.2000m2.eu\/de\/aktuelles\/schweiz\/beiratstreffen-2023\/#breadcrumb"},"inLanguage":"de","potentialAction":[{"@type":"ReadAction","target":["https:\/\/www.2000m2.eu\/de\/aktuelles\/schweiz\/beiratstreffen-2023\/"]}]},{"@type":"ImageObject","inLanguage":"de","@id":"https:\/\/www.2000m2.eu\/de\/aktuelles\/schweiz\/beiratstreffen-2023\/#primaryimage","url":"https:\/\/www.2000m2.eu\/wp-content\/uploads\/grafik-5.jpg","contentUrl":"https:\/\/www.2000m2.eu\/wp-content\/uploads\/grafik-5.jpg","width":1920,"height":1079},{"@type":"BreadcrumbList","@id":"https:\/\/www.2000m2.eu\/de\/aktuelles\/schweiz\/beiratstreffen-2023\/#breadcrumb","itemListElement":[{"@type":"ListItem","position":1,"name":"Home","item":"https:\/\/www.2000m2.eu\/de\/startseite\/"},{"@type":"ListItem","position":2,"name":"Beiratstreffen 2023"}]},{"@type":"WebSite","@id":"https:\/\/www.2000m2.eu\/de\/#website","url":"https:\/\/www.2000m2.eu\/de\/","name":"2000m2","description":"","publisher":{"@id":"https:\/\/www.2000m2.eu\/de\/#organization"},"potentialAction":[{"@type":"SearchAction","target":{"@type":"EntryPoint","urlTemplate":"https:\/\/www.2000m2.eu\/de\/?s={search_term_string}"},"query-input":{"@type":"PropertyValueSpecification","valueRequired":true,"valueName":"search_term_string"}}],"inLanguage":"de"},{"@type":"Organization","@id":"https:\/\/www.2000m2.eu\/de\/#organization","name":"2000m2","url":"https:\/\/www.2000m2.eu\/de\/","logo":{"@type":"ImageObject","inLanguage":"de","@id":"https:\/\/www.2000m2.eu\/de\/#\/schema\/logo\/image\/","url":"https:\/\/www.2000m2.eu\/wp-content\/uploads\/logo.png","contentUrl":"https:\/\/www.2000m2.eu\/wp-content\/uploads\/logo.png","width":445,"height":140,"caption":"2000m2"},"image":{"@id":"https:\/\/www.2000m2.eu\/de\/#\/schema\/logo\/image\/"}},{"@type":"Person","@id":"https:\/\/www.2000m2.eu\/de\/#\/schema\/person\/3d02596171b6ba549800d3e5cb04862f","name":"St\u00e9phanie W\u00fcrth","url":"https:\/\/www.2000m2.eu\/de\/author\/steffi\/"}]}},"_links":{"self":[{"href":"https:\/\/www.2000m2.eu\/de\/wp-json\/wp\/v2\/posts\/2313","targetHints":{"allow":["GET"]}}],"collection":[{"href":"https:\/\/www.2000m2.eu\/de\/wp-json\/wp\/v2\/posts"}],"about":[{"href":"https:\/\/www.2000m2.eu\/de\/wp-json\/wp\/v2\/types\/post"}],"author":[{"embeddable":true,"href":"https:\/\/www.2000m2.eu\/de\/wp-json\/wp\/v2\/users\/3"}],"replies":[{"embeddable":true,"href":"https:\/\/www.2000m2.eu\/de\/wp-json\/wp\/v2\/comments?post=2313"}],"version-history":[{"count":3,"href":"https:\/\/www.2000m2.eu\/de\/wp-json\/wp\/v2\/posts\/2313\/revisions"}],"predecessor-version":[{"id":2737,"href":"https:\/\/www.2000m2.eu\/de\/wp-json\/wp\/v2\/posts\/2313\/revisions\/2737"}],"wp:featuredmedia":[{"embeddable":true,"href":"https:\/\/www.2000m2.eu\/de\/wp-json\/wp\/v2\/media\/2314"}],"wp:attachment":[{"href":"https:\/\/www.2000m2.eu\/de\/wp-json\/wp\/v2\/media?parent=2313"}],"wp:term":[{"taxonomy":"category","embeddable":true,"href":"https:\/\/www.2000m2.eu\/de\/wp-json\/wp\/v2\/categories?post=2313"},{"taxonomy":"post_tag","embeddable":true,"href":"https:\/\/www.2000m2.eu\/de\/wp-json\/wp\/v2\/tags?post=2313"}],"curies":[{"name":"wp","href":"https:\/\/api.w.org\/{rel}","templated":true}]}}