{"id":6934,"date":"2025-04-02T14:55:48","date_gmt":"2025-04-02T14:55:48","guid":{"rendered":"https:\/\/www.2000m2.eu\/?p=6934"},"modified":"2025-10-23T07:54:19","modified_gmt":"2025-10-23T07:54:19","slug":"erste-interkontinentale-weltackerkonferenz","status":"publish","type":"post","link":"https:\/\/www.2000m2.eu\/de\/aktuelles\/schweiz\/erste-interkontinentale-weltackerkonferenz\/","title":{"rendered":"Erste interkontinentale Weltackerkonferenz"},"content":{"rendered":"\n<h1 class=\"wp-block-heading\">Schweizer Weltackernde an der ersten interkontinentalen Weltackerkonferenz<\/h1>\n\n\n\n<p>Bereits zum vierten Mal kamen am ersten M\u00e4rzwochenende Weltacker-Initiativen aus Europa und dar\u00fcber hinaus zusammen, um voneinander zu lernen, die Bildungsarbeit weiterzuentwickeln und gemeinsame Schritte f\u00fcr die Zukunft zu planen. Erstmals reiste auch eine Teilnehmerin aus dem Globalen S\u00fcden an.&nbsp;<br><\/p>\n\n\n\n<p>Aus der Schweiz nahmen elf Personen teil. Neben Vertreter:innen der Welt\u00e4cker Nuglar, Attiswil, Bern und Z\u00fcrich sowie der Gesch\u00e4ftsstelle Weltacker Schweiz war auch eine Person aus Graub\u00fcnden dabei, wo derzeit Abkl\u00e4rungen f\u00fcr einen f\u00fcnften Schweizer Weltacker laufen. Insgesamt vereinte die Konferenz fast 30 Initiativen aus sieben L\u00e4ndern, wobei sie mit beinahe 60 Teilnehmenden weit gr\u00f6sser als vergangene Treffen war. Erstmals wurde sie zweisprachig \u2013 deutsch und englisch \u2013 durchgef\u00fchrt. Der mehrsprachige Austausch machte deutlich, wie stark die Bewegung w\u00e4chst \u2013 und wie wichtig der Dialog \u00fcber Grenzen hinweg f\u00fcr eine erfolgreiche Bildungsarbeit f\u00fcr nachhaltige Landwirtschaft und Ern\u00e4hrung ist.<br><\/p>\n\n\n\n<figure class=\"wp-block-image size-large\"><img decoding=\"async\" width=\"1024\" height=\"683\" src=\"https:\/\/www.2000m2.eu\/wp-content\/uploads\/Konferenz-Innsbruck-1024x683.jpg\" alt=\"Fast 60 Teilnehmende der Konferenz in Innsbruck blicken f\u00fcr ein Gruppenfoto in die Kamera. Im Hintergrund sind die schneebedeckten Alpen zu sehen.\" class=\"wp-image-6589\" srcset=\"https:\/\/www.2000m2.eu\/wp-content\/uploads\/Konferenz-Innsbruck-1024x683.jpg 1024w, https:\/\/www.2000m2.eu\/wp-content\/uploads\/Konferenz-Innsbruck-300x200.jpg 300w, https:\/\/www.2000m2.eu\/wp-content\/uploads\/Konferenz-Innsbruck-768x512.jpg 768w, https:\/\/www.2000m2.eu\/wp-content\/uploads\/Konferenz-Innsbruck-1536x1024.jpg 1536w, https:\/\/www.2000m2.eu\/wp-content\/uploads\/Konferenz-Innsbruck-450x300.jpg 450w, https:\/\/www.2000m2.eu\/wp-content\/uploads\/Konferenz-Innsbruck.jpg 1920w\" sizes=\"(max-width: 1024px) 100vw, 1024px\" \/><figcaption class=\"wp-element-caption\">Fast 60 Weltackernde gemeinsam in Innsbruck. (Foto: Carrol Diehl)<br><\/figcaption><\/figure>\n\n\n\n<h2 class=\"wp-block-heading\">Von Kenia bis Innsbruck: Neue Perspektiven f\u00fcr die Landwirtschaft<br><\/h2>\n\n\n\n<p>Gemeinsam mit zahlreichen Initiativen aus Innsbruck starteten wir unsere Konferenz mit einer \u00f6ffentlichen Auftaktveranstaltung: rund 100 Menschen str\u00f6mten ins Haus der Begegnung Innsbruck. Unter dem Titel \u201eHunger im \u00dcberfluss\u201c beleuchteten die Rednerinnen und Redner die Ungleichheiten unseres globalen Landwirtschafts- und Ern\u00e4hrungssystems.&nbsp;<br><\/p>\n\n\n\n<p>Ein H\u00f6hepunkt des Wochenendes war die Pr\u00e4sentation von Mercy Ambani vom Seed Savers Network aus Gilgil, Kenia. Dank finanzieller Unterst\u00fctzung der Stiftung Edith Maryon via Weltacker Schweiz konnte sie als erste Vertreterin eines Weltacker aus dem Globalen S\u00fcden an der Konferenz teilnehmen. F\u00fcr das Publikum war es spannend, ihre Perspektive kennenzulernen und zu erfahren, wie in Kenia 2000 m\u00b2 grosse \u00c4cker ganze Familien ern\u00e4hren k\u00f6nnen und beim Weltacker ganz direkt das Sichern der Lebensgrundlagen im Zentrum steht.&nbsp;<\/p>\n\n\n\n<figure class=\"wp-block-image size-large\"><img decoding=\"async\" width=\"1024\" height=\"683\" src=\"https:\/\/www.2000m2.eu\/wp-content\/uploads\/20250302_0142-min-1024x683.jpg\" alt=\"Mercy Ambani steht auf der B\u00fchne und h\u00e4lt einen Vortrag. Im Hintergrund ist eine Pr\u00e4sentation mit der \u00dcberschrift &quot;Global Fields in Kenya&quot; zu sehen.\" class=\"wp-image-6610\" srcset=\"https:\/\/www.2000m2.eu\/wp-content\/uploads\/20250302_0142-min-1024x683.jpg 1024w, https:\/\/www.2000m2.eu\/wp-content\/uploads\/20250302_0142-min-300x200.jpg 300w, https:\/\/www.2000m2.eu\/wp-content\/uploads\/20250302_0142-min-768x512.jpg 768w, https:\/\/www.2000m2.eu\/wp-content\/uploads\/20250302_0142-min-1536x1024.jpg 1536w, https:\/\/www.2000m2.eu\/wp-content\/uploads\/20250302_0142-min-450x300.jpg 450w, https:\/\/www.2000m2.eu\/wp-content\/uploads\/20250302_0142-min.jpg 1920w\" sizes=\"(max-width: 1024px) 100vw, 1024px\" \/><figcaption class=\"wp-element-caption\">Mercy Ambani berichtet von Kenia. (Foto: Carroll Diehl)<\/figcaption><\/figure>\n\n\n\n<h2 class=\"wp-block-heading\">Fakten, Missst\u00e4nde, L\u00f6sungen: Experten sprechen Klartext<br><\/h2>\n\n\n\n<p>An der \u00f6ffentlichen Auftaktveranstaltung im \u00abHaus der Begegnung\u00bb erfuhr das Publikum aber auch von Weltacker-Gr\u00fcnder Benedikt H\u00e4rlin und vom emeritierten Professor f\u00fcr Agrarsoziologe Markus Schermer eindrucksvoll Fakten und Missst\u00e4nde der internationalen und \u00f6sterreichischen Landwirtschaft. Ein Abriss rund um Themen wie Hunger und Fehlern\u00e4hrung, Klimawandel und H\u00f6festerben machten deutlich, welch umfassende Wende unsere Ern\u00e4hrungssysteme brauchen. Um diese gesamtgesellschaftliche Aufgabe anzugehen, ist die Bildungsarbeit der Welt\u00e4cker ein wichtiges Puzzlest\u00fcck.<br><\/p>\n\n\n\n<p>Wie diese in Europa aussehen kann, erz\u00e4hlte Claudia Sacher vom&nbsp;<a href=\"https:\/\/www.2000m2.eu\/de\/aecker\/innsbruck\/\">Innsbrucker Weltacker<\/a>, der als \u201cklassischer\u201d Weltacker die aktuelle globale Landwirtschaft abbildet. Interessant f\u00fcr die Weltackernden war auch zu erfahren, welcher Ansatz auf dem <a href=\"https:\/\/www.2000m2.eu\/de\/aecker\/osnabrueck\/\">Osnabr\u00fccker Weltacker<\/a>&nbsp;verfolgt wird: Hier wird nach der Planetary Health Diet angebaut, wie Saja Schreiber pr\u00e4sentierte. So demonstriert der Weltacker, wie eine Zukunftsversion unserer Ern\u00e4hrung aussehen k\u00f6nnte.&nbsp;<br><\/p>\n\n\n\n<h2 class=\"wp-block-heading\">Die Welt\u00e4cker im Austausch<\/h2>\n\n\n\n<p>Am Samstag und Sonntag konnten sich die Vertreter:innen der Welt\u00e4cker dann intensiv untereinander austauschen. In Arbeitsgruppen entwickelten wir neue Ideen f\u00fcr die Bildungsarbeit, teilten Erfahrungen und diskutierten, wie wir uns zuk\u00fcnftig noch besser als Bewegung organisieren und st\u00e4rken k\u00f6nnen.\u00a0<br><\/p>\n\n\n\n<figure class=\"wp-block-image size-large\"><img decoding=\"async\" width=\"1024\" height=\"768\" src=\"https:\/\/www.2000m2.eu\/wp-content\/uploads\/P1050271-min-1024x768.jpg\" alt=\"16 Personen sitzen in einem Stuhlkreis und diskutieren engagiert.\" class=\"wp-image-6618\" srcset=\"https:\/\/www.2000m2.eu\/wp-content\/uploads\/P1050271-min-1024x768.jpg 1024w, https:\/\/www.2000m2.eu\/wp-content\/uploads\/P1050271-min-300x225.jpg 300w, https:\/\/www.2000m2.eu\/wp-content\/uploads\/P1050271-min-768x576.jpg 768w, https:\/\/www.2000m2.eu\/wp-content\/uploads\/P1050271-min-1536x1152.jpg 1536w, https:\/\/www.2000m2.eu\/wp-content\/uploads\/P1050271-min.jpg 1920w\" sizes=\"(max-width: 1024px) 100vw, 1024px\" \/><figcaption class=\"wp-element-caption\">Dialog in der Arbeitsgruppe. (Foto: Andreas-Christian Schr\u00f6der)<\/figcaption><\/figure>\n\n\n\n<figure class=\"wp-block-image size-large\"><img decoding=\"async\" width=\"1024\" height=\"683\" src=\"https:\/\/www.2000m2.eu\/wp-content\/uploads\/20250302_0208-min-1024x683.jpg\" alt=\"Zwei Frauen halten eine 5,5 m\u00b2 gro\u00dfe Plane in die Luft. auf der Plane steht &quot;Das sind 5,5 m\u00b2&quot;.\" class=\"wp-image-6600\" srcset=\"https:\/\/www.2000m2.eu\/wp-content\/uploads\/20250302_0208-min-1024x683.jpg 1024w, https:\/\/www.2000m2.eu\/wp-content\/uploads\/20250302_0208-min-300x200.jpg 300w, https:\/\/www.2000m2.eu\/wp-content\/uploads\/20250302_0208-min-768x512.jpg 768w, https:\/\/www.2000m2.eu\/wp-content\/uploads\/20250302_0208-min-1536x1024.jpg 1536w, https:\/\/www.2000m2.eu\/wp-content\/uploads\/20250302_0208-min-450x300.jpg 450w, https:\/\/www.2000m2.eu\/wp-content\/uploads\/20250302_0208-min.jpg 1920w\" sizes=\"(max-width: 1024px) 100vw, 1024px\" \/><figcaption class=\"wp-element-caption\">Pr\u00e4sentation des Weltacker2Go: 5,5 Quadratmeter Ackerfl\u00e4che hat jeder Mensch t\u00e4glich zur Verf\u00fcgung. (Foto: Carroll Diehl)<\/figcaption><\/figure>\n\n\n\n<p>Zum Abschluss unserer Konferenz besuchten wir den noch winterschlafenden Weltacker in Innsbruck \u2013 ein beeindruckendes Projekt mitten in der Stadt. Hier wird in einmaliger Weise mit der ganzen Nachbarschaft gearbeitet und der Weltacker zu einem wahren Ort der Begegnung.<br><\/p>\n\n\n\n<p>Vom Treffen sind die Beteiligten mit neuen Ideen, frischer Motivation und manch einem Arbeitsauftrag in ihre eigenen Projekte zur\u00fcckgekehrt. Wir bedanken uns speziell bei der&nbsp;<a href=\"https:\/\/feldschafft.at\/\">feld:schafft Innsbruck<\/a> f\u00fcr die Unterst\u00fctzung der Organisation und bei Jasper Jordan, der als Koordinator der internationalen Weltacker-Bewegung mit unerm\u00fcdlichen Einsatz die F\u00e4den f\u00fcr die Konferenz in der Hand hielt.<br><\/p>\n\n\n\n<figure class=\"wp-block-image size-large\"><img decoding=\"async\" width=\"1024\" height=\"683\" src=\"https:\/\/www.2000m2.eu\/wp-content\/uploads\/20250302_Team-Schweiz-Innsbruck-1024x683.jpg\" alt=\"\" class=\"wp-image-7243\" srcset=\"https:\/\/www.2000m2.eu\/wp-content\/uploads\/20250302_Team-Schweiz-Innsbruck-1024x683.jpg 1024w, https:\/\/www.2000m2.eu\/wp-content\/uploads\/20250302_Team-Schweiz-Innsbruck-300x200.jpg 300w, https:\/\/www.2000m2.eu\/wp-content\/uploads\/20250302_Team-Schweiz-Innsbruck-768x512.jpg 768w, https:\/\/www.2000m2.eu\/wp-content\/uploads\/20250302_Team-Schweiz-Innsbruck-1536x1024.jpg 1536w, https:\/\/www.2000m2.eu\/wp-content\/uploads\/20250302_Team-Schweiz-Innsbruck-450x300.jpg 450w, https:\/\/www.2000m2.eu\/wp-content\/uploads\/20250302_Team-Schweiz-Innsbruck.jpg 1920w\" sizes=\"(max-width: 1024px) 100vw, 1024px\" \/><figcaption class=\"wp-element-caption\">Die Schweizer Delegation auf dem Weltacker Innsbruck. <\/figcaption><\/figure>\n","protected":false},"excerpt":{"rendered":"<p>Bereits zum vierten Mal kamen am ersten M\u00e4rzwochenende Weltacker-Initiativen aus Europa und dar\u00fcber hinaus zusammen, um voneinander zu lernen, die Bildungsarbeit weiterzuentwickeln und gemeinsame Schritte f\u00fcr die Zukunft zu planen. Erstmals reiste auch eine Teilnehmerin aus dem Globalen S\u00fcden an.\u00a0&#8230;<\/p>\n","protected":false},"author":7,"featured_media":7243,"comment_status":"closed","ping_status":"open","sticky":false,"template":"","format":"standard","meta":{"footnotes":""},"categories":[26],"tags":[],"class_list":["post-6934","post","type-post","status-publish","format-standard","has-post-thumbnail","hentry","category-schweiz"],"yoast_head":"<!-- This site is optimized with the Yoast SEO plugin v27.4 - https:\/\/yoast.com\/product\/yoast-seo-wordpress\/ -->\n<title>Erste interkontinentale Weltackerkonferenz - 2000m2<\/title>\n<meta name=\"robots\" content=\"index, follow, max-snippet:-1, max-image-preview:large, max-video-preview:-1\" \/>\n<link rel=\"canonical\" href=\"https:\/\/www.2000m2.eu\/de\/aktuelles\/schweiz\/erste-interkontinentale-weltackerkonferenz\/\" \/>\n<meta property=\"og:locale\" content=\"de_DE\" \/>\n<meta property=\"og:type\" content=\"article\" \/>\n<meta property=\"og:title\" content=\"Erste interkontinentale Weltackerkonferenz - 2000m2\" \/>\n<meta property=\"og:description\" content=\"Bereits zum vierten Mal kamen am ersten M\u00e4rzwochenende Weltacker-Initiativen aus Europa und dar\u00fcber hinaus zusammen, um voneinander zu lernen, die Bildungsarbeit weiterzuentwickeln und gemeinsame Schritte f\u00fcr die Zukunft zu planen. Erstmals reiste auch eine Teilnehmerin aus dem Globalen S\u00fcden an.\u00a0...\" \/>\n<meta property=\"og:url\" content=\"https:\/\/www.2000m2.eu\/de\/aktuelles\/schweiz\/erste-interkontinentale-weltackerkonferenz\/\" \/>\n<meta property=\"og:site_name\" content=\"2000m2\" \/>\n<meta property=\"article:published_time\" content=\"2025-04-02T14:55:48+00:00\" \/>\n<meta property=\"article:modified_time\" content=\"2025-10-23T07:54:19+00:00\" \/>\n<meta property=\"og:image\" content=\"https:\/\/www.2000m2.eu\/wp-content\/uploads\/20250302_Team-Schweiz-Innsbruck.jpg\" \/>\n\t<meta property=\"og:image:width\" content=\"1920\" \/>\n\t<meta property=\"og:image:height\" content=\"1280\" \/>\n\t<meta property=\"og:image:type\" content=\"image\/jpeg\" \/>\n<meta name=\"author\" content=\"Niklaus Salzmann\" \/>\n<meta name=\"twitter:card\" content=\"summary_large_image\" \/>\n<meta name=\"twitter:label1\" content=\"Verfasst von\" \/>\n\t<meta name=\"twitter:data1\" content=\"Niklaus Salzmann\" \/>\n\t<meta name=\"twitter:label2\" content=\"Gesch\u00e4tzte Lesezeit\" \/>\n\t<meta name=\"twitter:data2\" content=\"4\u00a0Minuten\" \/>\n<script type=\"application\/ld+json\" class=\"yoast-schema-graph\">{\"@context\":\"https:\\\/\\\/schema.org\",\"@graph\":[{\"@type\":\"Article\",\"@id\":\"https:\\\/\\\/www.2000m2.eu\\\/de\\\/aktuelles\\\/schweiz\\\/erste-interkontinentale-weltackerkonferenz\\\/#article\",\"isPartOf\":{\"@id\":\"https:\\\/\\\/www.2000m2.eu\\\/de\\\/aktuelles\\\/schweiz\\\/erste-interkontinentale-weltackerkonferenz\\\/\"},\"author\":{\"name\":\"Niklaus Salzmann\",\"@id\":\"https:\\\/\\\/www.2000m2.eu\\\/de\\\/#\\\/schema\\\/person\\\/64cef59328d1e737d639cf31a6317dbe\"},\"headline\":\"Erste interkontinentale Weltackerkonferenz\",\"datePublished\":\"2025-04-02T14:55:48+00:00\",\"dateModified\":\"2025-10-23T07:54:19+00:00\",\"mainEntityOfPage\":{\"@id\":\"https:\\\/\\\/www.2000m2.eu\\\/de\\\/aktuelles\\\/schweiz\\\/erste-interkontinentale-weltackerkonferenz\\\/\"},\"wordCount\":653,\"publisher\":{\"@id\":\"https:\\\/\\\/www.2000m2.eu\\\/de\\\/#organization\"},\"image\":{\"@id\":\"https:\\\/\\\/www.2000m2.eu\\\/de\\\/aktuelles\\\/schweiz\\\/erste-interkontinentale-weltackerkonferenz\\\/#primaryimage\"},\"thumbnailUrl\":\"https:\\\/\\\/www.2000m2.eu\\\/wp-content\\\/uploads\\\/20250302_Team-Schweiz-Innsbruck.jpg\",\"articleSection\":[\"Schweiz\"],\"inLanguage\":\"de\"},{\"@type\":\"WebPage\",\"@id\":\"https:\\\/\\\/www.2000m2.eu\\\/de\\\/aktuelles\\\/schweiz\\\/erste-interkontinentale-weltackerkonferenz\\\/\",\"url\":\"https:\\\/\\\/www.2000m2.eu\\\/de\\\/aktuelles\\\/schweiz\\\/erste-interkontinentale-weltackerkonferenz\\\/\",\"name\":\"Erste interkontinentale Weltackerkonferenz - 2000m2\",\"isPartOf\":{\"@id\":\"https:\\\/\\\/www.2000m2.eu\\\/de\\\/#website\"},\"primaryImageOfPage\":{\"@id\":\"https:\\\/\\\/www.2000m2.eu\\\/de\\\/aktuelles\\\/schweiz\\\/erste-interkontinentale-weltackerkonferenz\\\/#primaryimage\"},\"image\":{\"@id\":\"https:\\\/\\\/www.2000m2.eu\\\/de\\\/aktuelles\\\/schweiz\\\/erste-interkontinentale-weltackerkonferenz\\\/#primaryimage\"},\"thumbnailUrl\":\"https:\\\/\\\/www.2000m2.eu\\\/wp-content\\\/uploads\\\/20250302_Team-Schweiz-Innsbruck.jpg\",\"datePublished\":\"2025-04-02T14:55:48+00:00\",\"dateModified\":\"2025-10-23T07:54:19+00:00\",\"breadcrumb\":{\"@id\":\"https:\\\/\\\/www.2000m2.eu\\\/de\\\/aktuelles\\\/schweiz\\\/erste-interkontinentale-weltackerkonferenz\\\/#breadcrumb\"},\"inLanguage\":\"de\",\"potentialAction\":[{\"@type\":\"ReadAction\",\"target\":[\"https:\\\/\\\/www.2000m2.eu\\\/de\\\/aktuelles\\\/schweiz\\\/erste-interkontinentale-weltackerkonferenz\\\/\"]}]},{\"@type\":\"ImageObject\",\"inLanguage\":\"de\",\"@id\":\"https:\\\/\\\/www.2000m2.eu\\\/de\\\/aktuelles\\\/schweiz\\\/erste-interkontinentale-weltackerkonferenz\\\/#primaryimage\",\"url\":\"https:\\\/\\\/www.2000m2.eu\\\/wp-content\\\/uploads\\\/20250302_Team-Schweiz-Innsbruck.jpg\",\"contentUrl\":\"https:\\\/\\\/www.2000m2.eu\\\/wp-content\\\/uploads\\\/20250302_Team-Schweiz-Innsbruck.jpg\",\"width\":1920,\"height\":1280,\"caption\":\"Die Schweizer Delegation auf dem Weltacker Innsbruck.\"},{\"@type\":\"BreadcrumbList\",\"@id\":\"https:\\\/\\\/www.2000m2.eu\\\/de\\\/aktuelles\\\/schweiz\\\/erste-interkontinentale-weltackerkonferenz\\\/#breadcrumb\",\"itemListElement\":[{\"@type\":\"ListItem\",\"position\":1,\"name\":\"Home\",\"item\":\"https:\\\/\\\/www.2000m2.eu\\\/de\\\/startseite\\\/\"},{\"@type\":\"ListItem\",\"position\":2,\"name\":\"Erste interkontinentale Weltackerkonferenz\"}]},{\"@type\":\"WebSite\",\"@id\":\"https:\\\/\\\/www.2000m2.eu\\\/de\\\/#website\",\"url\":\"https:\\\/\\\/www.2000m2.eu\\\/de\\\/\",\"name\":\"2000m2\",\"description\":\"\",\"publisher\":{\"@id\":\"https:\\\/\\\/www.2000m2.eu\\\/de\\\/#organization\"},\"potentialAction\":[{\"@type\":\"SearchAction\",\"target\":{\"@type\":\"EntryPoint\",\"urlTemplate\":\"https:\\\/\\\/www.2000m2.eu\\\/de\\\/?s={search_term_string}\"},\"query-input\":{\"@type\":\"PropertyValueSpecification\",\"valueRequired\":true,\"valueName\":\"search_term_string\"}}],\"inLanguage\":\"de\"},{\"@type\":\"Organization\",\"@id\":\"https:\\\/\\\/www.2000m2.eu\\\/de\\\/#organization\",\"name\":\"2000m2\",\"url\":\"https:\\\/\\\/www.2000m2.eu\\\/de\\\/\",\"logo\":{\"@type\":\"ImageObject\",\"inLanguage\":\"de\",\"@id\":\"https:\\\/\\\/www.2000m2.eu\\\/de\\\/#\\\/schema\\\/logo\\\/image\\\/\",\"url\":\"https:\\\/\\\/www.2000m2.eu\\\/wp-content\\\/uploads\\\/logo.png\",\"contentUrl\":\"https:\\\/\\\/www.2000m2.eu\\\/wp-content\\\/uploads\\\/logo.png\",\"width\":445,\"height\":140,\"caption\":\"2000m2\"},\"image\":{\"@id\":\"https:\\\/\\\/www.2000m2.eu\\\/de\\\/#\\\/schema\\\/logo\\\/image\\\/\"}},{\"@type\":\"Person\",\"@id\":\"https:\\\/\\\/www.2000m2.eu\\\/de\\\/#\\\/schema\\\/person\\\/64cef59328d1e737d639cf31a6317dbe\",\"name\":\"Niklaus Salzmann\",\"url\":\"https:\\\/\\\/www.2000m2.eu\\\/de\\\/author\\\/niklaus-salzmann\\\/\"}]}<\/script>\n<!-- \/ Yoast SEO plugin. -->","yoast_head_json":{"title":"Erste interkontinentale Weltackerkonferenz - 2000m2","robots":{"index":"index","follow":"follow","max-snippet":"max-snippet:-1","max-image-preview":"max-image-preview:large","max-video-preview":"max-video-preview:-1"},"canonical":"https:\/\/www.2000m2.eu\/de\/aktuelles\/schweiz\/erste-interkontinentale-weltackerkonferenz\/","og_locale":"de_DE","og_type":"article","og_title":"Erste interkontinentale Weltackerkonferenz - 2000m2","og_description":"Bereits zum vierten Mal kamen am ersten M\u00e4rzwochenende Weltacker-Initiativen aus Europa und dar\u00fcber hinaus zusammen, um voneinander zu lernen, die Bildungsarbeit weiterzuentwickeln und gemeinsame Schritte f\u00fcr die Zukunft zu planen. Erstmals reiste auch eine Teilnehmerin aus dem Globalen S\u00fcden an.\u00a0...","og_url":"https:\/\/www.2000m2.eu\/de\/aktuelles\/schweiz\/erste-interkontinentale-weltackerkonferenz\/","og_site_name":"2000m2","article_published_time":"2025-04-02T14:55:48+00:00","article_modified_time":"2025-10-23T07:54:19+00:00","og_image":[{"width":1920,"height":1280,"url":"https:\/\/www.2000m2.eu\/wp-content\/uploads\/20250302_Team-Schweiz-Innsbruck.jpg","type":"image\/jpeg"}],"author":"Niklaus Salzmann","twitter_card":"summary_large_image","twitter_misc":{"Verfasst von":"Niklaus Salzmann","Gesch\u00e4tzte Lesezeit":"4\u00a0Minuten"},"schema":{"@context":"https:\/\/schema.org","@graph":[{"@type":"Article","@id":"https:\/\/www.2000m2.eu\/de\/aktuelles\/schweiz\/erste-interkontinentale-weltackerkonferenz\/#article","isPartOf":{"@id":"https:\/\/www.2000m2.eu\/de\/aktuelles\/schweiz\/erste-interkontinentale-weltackerkonferenz\/"},"author":{"name":"Niklaus Salzmann","@id":"https:\/\/www.2000m2.eu\/de\/#\/schema\/person\/64cef59328d1e737d639cf31a6317dbe"},"headline":"Erste interkontinentale Weltackerkonferenz","datePublished":"2025-04-02T14:55:48+00:00","dateModified":"2025-10-23T07:54:19+00:00","mainEntityOfPage":{"@id":"https:\/\/www.2000m2.eu\/de\/aktuelles\/schweiz\/erste-interkontinentale-weltackerkonferenz\/"},"wordCount":653,"publisher":{"@id":"https:\/\/www.2000m2.eu\/de\/#organization"},"image":{"@id":"https:\/\/www.2000m2.eu\/de\/aktuelles\/schweiz\/erste-interkontinentale-weltackerkonferenz\/#primaryimage"},"thumbnailUrl":"https:\/\/www.2000m2.eu\/wp-content\/uploads\/20250302_Team-Schweiz-Innsbruck.jpg","articleSection":["Schweiz"],"inLanguage":"de"},{"@type":"WebPage","@id":"https:\/\/www.2000m2.eu\/de\/aktuelles\/schweiz\/erste-interkontinentale-weltackerkonferenz\/","url":"https:\/\/www.2000m2.eu\/de\/aktuelles\/schweiz\/erste-interkontinentale-weltackerkonferenz\/","name":"Erste interkontinentale Weltackerkonferenz - 2000m2","isPartOf":{"@id":"https:\/\/www.2000m2.eu\/de\/#website"},"primaryImageOfPage":{"@id":"https:\/\/www.2000m2.eu\/de\/aktuelles\/schweiz\/erste-interkontinentale-weltackerkonferenz\/#primaryimage"},"image":{"@id":"https:\/\/www.2000m2.eu\/de\/aktuelles\/schweiz\/erste-interkontinentale-weltackerkonferenz\/#primaryimage"},"thumbnailUrl":"https:\/\/www.2000m2.eu\/wp-content\/uploads\/20250302_Team-Schweiz-Innsbruck.jpg","datePublished":"2025-04-02T14:55:48+00:00","dateModified":"2025-10-23T07:54:19+00:00","breadcrumb":{"@id":"https:\/\/www.2000m2.eu\/de\/aktuelles\/schweiz\/erste-interkontinentale-weltackerkonferenz\/#breadcrumb"},"inLanguage":"de","potentialAction":[{"@type":"ReadAction","target":["https:\/\/www.2000m2.eu\/de\/aktuelles\/schweiz\/erste-interkontinentale-weltackerkonferenz\/"]}]},{"@type":"ImageObject","inLanguage":"de","@id":"https:\/\/www.2000m2.eu\/de\/aktuelles\/schweiz\/erste-interkontinentale-weltackerkonferenz\/#primaryimage","url":"https:\/\/www.2000m2.eu\/wp-content\/uploads\/20250302_Team-Schweiz-Innsbruck.jpg","contentUrl":"https:\/\/www.2000m2.eu\/wp-content\/uploads\/20250302_Team-Schweiz-Innsbruck.jpg","width":1920,"height":1280,"caption":"Die Schweizer Delegation auf dem Weltacker Innsbruck."},{"@type":"BreadcrumbList","@id":"https:\/\/www.2000m2.eu\/de\/aktuelles\/schweiz\/erste-interkontinentale-weltackerkonferenz\/#breadcrumb","itemListElement":[{"@type":"ListItem","position":1,"name":"Home","item":"https:\/\/www.2000m2.eu\/de\/startseite\/"},{"@type":"ListItem","position":2,"name":"Erste interkontinentale Weltackerkonferenz"}]},{"@type":"WebSite","@id":"https:\/\/www.2000m2.eu\/de\/#website","url":"https:\/\/www.2000m2.eu\/de\/","name":"2000m2","description":"","publisher":{"@id":"https:\/\/www.2000m2.eu\/de\/#organization"},"potentialAction":[{"@type":"SearchAction","target":{"@type":"EntryPoint","urlTemplate":"https:\/\/www.2000m2.eu\/de\/?s={search_term_string}"},"query-input":{"@type":"PropertyValueSpecification","valueRequired":true,"valueName":"search_term_string"}}],"inLanguage":"de"},{"@type":"Organization","@id":"https:\/\/www.2000m2.eu\/de\/#organization","name":"2000m2","url":"https:\/\/www.2000m2.eu\/de\/","logo":{"@type":"ImageObject","inLanguage":"de","@id":"https:\/\/www.2000m2.eu\/de\/#\/schema\/logo\/image\/","url":"https:\/\/www.2000m2.eu\/wp-content\/uploads\/logo.png","contentUrl":"https:\/\/www.2000m2.eu\/wp-content\/uploads\/logo.png","width":445,"height":140,"caption":"2000m2"},"image":{"@id":"https:\/\/www.2000m2.eu\/de\/#\/schema\/logo\/image\/"}},{"@type":"Person","@id":"https:\/\/www.2000m2.eu\/de\/#\/schema\/person\/64cef59328d1e737d639cf31a6317dbe","name":"Niklaus Salzmann","url":"https:\/\/www.2000m2.eu\/de\/author\/niklaus-salzmann\/"}]}},"_links":{"self":[{"href":"https:\/\/www.2000m2.eu\/de\/wp-json\/wp\/v2\/posts\/6934","targetHints":{"allow":["GET"]}}],"collection":[{"href":"https:\/\/www.2000m2.eu\/de\/wp-json\/wp\/v2\/posts"}],"about":[{"href":"https:\/\/www.2000m2.eu\/de\/wp-json\/wp\/v2\/types\/post"}],"author":[{"embeddable":true,"href":"https:\/\/www.2000m2.eu\/de\/wp-json\/wp\/v2\/users\/7"}],"replies":[{"embeddable":true,"href":"https:\/\/www.2000m2.eu\/de\/wp-json\/wp\/v2\/comments?post=6934"}],"version-history":[{"count":10,"href":"https:\/\/www.2000m2.eu\/de\/wp-json\/wp\/v2\/posts\/6934\/revisions"}],"predecessor-version":[{"id":17220,"href":"https:\/\/www.2000m2.eu\/de\/wp-json\/wp\/v2\/posts\/6934\/revisions\/17220"}],"wp:featuredmedia":[{"embeddable":true,"href":"https:\/\/www.2000m2.eu\/de\/wp-json\/wp\/v2\/media\/7243"}],"wp:attachment":[{"href":"https:\/\/www.2000m2.eu\/de\/wp-json\/wp\/v2\/media?parent=6934"}],"wp:term":[{"taxonomy":"category","embeddable":true,"href":"https:\/\/www.2000m2.eu\/de\/wp-json\/wp\/v2\/categories?post=6934"},{"taxonomy":"post_tag","embeddable":true,"href":"https:\/\/www.2000m2.eu\/de\/wp-json\/wp\/v2\/tags?post=6934"}],"curies":[{"name":"wp","href":"https:\/\/api.w.org\/{rel}","templated":true}]}}