{"id":25468,"date":"2025-07-14T13:04:19","date_gmt":"2025-07-14T13:04:19","guid":{"rendered":"https:\/\/www.2000m2.eu\/senza-categoria\/nuova-mostra-itinerante-in-tour\/"},"modified":"2025-12-01T15:15:44","modified_gmt":"2025-12-01T15:15:44","slug":"nuova-mostra-itinerante-in-tour","status":"publish","type":"post","link":"https:\/\/www.2000m2.eu\/it\/senza-categoria\/nuova-mostra-itinerante-in-tour\/","title":{"rendered":"Nuova mostra itinerante in tour!"},"content":{"rendered":"\n<h1 class=\"wp-block-heading\">La nuova mostra itinerante di Weltacker \u00e8 in tour!  <\/h1>\n\n<p>La nuova mostra itinerante di Weltacker \u00e8 stata inaugurata all&#8217;inizio di maggio. Da allora, la mostra ha viaggiato molto ed \u00e8 stata presentata in diverse localit\u00e0. Se anche tu vuoi organizzare una mostra nella tua regione, contattaci per fissare le date che preferisci.    <\/p>\n\n<h2 class=\"wp-block-heading\">Premiere a Altdorf  <\/h2>\n\n<p>Ad Altdorf in Baviera, molto vicino al Weltacker Landshut, la mostra itinerante ha celebrato la sua premi\u00e8re ufficiale il 3 maggio. La mostra \u00e8 stata inaugurata nel foyer della B\u00fcrgersaal Markt Altdorf dalla B\u00fcrger- und Umweltliste Altdorf. Klaus Karg, Weltacker di Landshut, \u00e8 stato invitato all&#8217;inaugurazione e ha presentato il tema del World Field. Nelle quattro settimane successive, numerose scolaresche e gruppi hanno visitato la mostra e hanno avuto modo di conoscere i temi centrali del Weltacker.    <\/p>\n\n<div class=\"wp-block-columns is-layout-flex wp-container-core-columns-is-layout-28f84493 wp-block-columns-is-layout-flex\">\n<div class=\"wp-block-column is-layout-flow wp-block-column-is-layout-flow\">\n<figure class=\"wp-block-image size-large\"><img decoding=\"async\" width=\"1024\" height=\"768\" src=\"https:\/\/www.2000m2.eu\/wp-content\/uploads\/IMG_20250503_153631-1024x768.jpg\" alt=\"Quattro uomini si trovano di fronte ai roll-up della mostra itinerante\" class=\"wp-image-11034\" srcset=\"https:\/\/www.2000m2.eu\/wp-content\/uploads\/IMG_20250503_153631-1024x768.jpg 1024w, https:\/\/www.2000m2.eu\/wp-content\/uploads\/IMG_20250503_153631-300x225.jpg 300w, https:\/\/www.2000m2.eu\/wp-content\/uploads\/IMG_20250503_153631-768x576.jpg 768w, https:\/\/www.2000m2.eu\/wp-content\/uploads\/IMG_20250503_153631.jpg 1200w\" sizes=\"(max-width: 1024px) 100vw, 1024px\" \/><figcaption class=\"wp-element-caption\">Apertura con Klaus Karg (\u00a9Peter Stra\u00dfer)<\/figcaption><\/figure>\n<\/div>\n\n\n\n<div class=\"wp-block-column is-layout-flow wp-block-column-is-layout-flow\">\n<figure class=\"wp-block-image size-large\"><img decoding=\"async\" width=\"1024\" height=\"768\" src=\"https:\/\/www.2000m2.eu\/wp-content\/uploads\/IMG-20250523-WA0001-1024x768.jpg\" alt=\"La mostra itinerante &#xE8; situata in un ovale al centro della sala.\" class=\"wp-image-11038\" srcset=\"https:\/\/www.2000m2.eu\/wp-content\/uploads\/IMG-20250523-WA0001-1024x768.jpg 1024w, https:\/\/www.2000m2.eu\/wp-content\/uploads\/IMG-20250523-WA0001-300x225.jpg 300w, https:\/\/www.2000m2.eu\/wp-content\/uploads\/IMG-20250523-WA0001-768x576.jpg 768w, https:\/\/www.2000m2.eu\/wp-content\/uploads\/IMG-20250523-WA0001-1536x1152.jpg 1536w, https:\/\/www.2000m2.eu\/wp-content\/uploads\/IMG-20250523-WA0001.jpg 1600w\" sizes=\"(max-width: 1024px) 100vw, 1024px\" \/><figcaption class=\"wp-element-caption\">Mostra itinerante ad Altdorf (\u00a9Eva M\u00fcnch)<\/figcaption><\/figure>\n<\/div>\n<\/div>\n\n<h2 class=\"wp-block-heading\">Da Altdorf attraverso la Germania<\/h2>\n\n<p>La mostra ha continuato il suo tour da Altdorf. A giugno ha partecipato all&#8217;inaugurazione del Campo Globale a Wuppertal. Qui ha trovato posto in un piccolo rimorchio da costruzione e nel Geodom. Il Campo Globale, che \u00e8 ancora in fase di fondazione a Wuppertal e non ha ancora alcuna insegna, \u00e8 stato in grado di dare ai visitatori una grande visione del tema Campo Globale.    <\/p>\n\n<div class=\"wp-block-columns is-layout-flex wp-container-core-columns-is-layout-28f84493 wp-block-columns-is-layout-flex\">\n<div class=\"wp-block-column is-layout-flow wp-block-column-is-layout-flow\">\n<figure class=\"wp-block-image size-large\"><img decoding=\"async\" width=\"768\" height=\"1024\" src=\"https:\/\/www.2000m2.eu\/wp-content\/uploads\/photo_2025-07-14_14-26-01-768x1024.jpg\" alt=\"Quattro roll-up della mostra itinerante si trovano uno di fronte all'altro in un rimorchio da cantiere.\" class=\"wp-image-11046\" style=\"aspect-ratio:4\/3;object-fit:cover\" srcset=\"https:\/\/www.2000m2.eu\/wp-content\/uploads\/photo_2025-07-14_14-26-01-768x1024.jpg 768w, https:\/\/www.2000m2.eu\/wp-content\/uploads\/photo_2025-07-14_14-26-01-225x300.jpg 225w, https:\/\/www.2000m2.eu\/wp-content\/uploads\/photo_2025-07-14_14-26-01.jpg 960w\" sizes=\"(max-width: 768px) 100vw, 768px\" \/><figcaption class=\"wp-element-caption\">Mostra itinerante nel rimorchio di costruzione (\u00a9Jasper Jordan)<\/figcaption><\/figure>\n<\/div>\n\n\n\n<div class=\"wp-block-column is-layout-flow wp-block-column-is-layout-flow\">\n<figure class=\"wp-block-image size-large\"><img decoding=\"async\" width=\"768\" height=\"1024\" src=\"https:\/\/www.2000m2.eu\/wp-content\/uploads\/photo_2025-07-14_14-27-06-768x1024.jpg\" alt=\"Un roll-up si trova in un geodomo.\" class=\"wp-image-11050\" style=\"aspect-ratio:4\/3;object-fit:cover\" srcset=\"https:\/\/www.2000m2.eu\/wp-content\/uploads\/photo_2025-07-14_14-27-06-768x1024.jpg 768w, https:\/\/www.2000m2.eu\/wp-content\/uploads\/photo_2025-07-14_14-27-06-225x300.jpg 225w, https:\/\/www.2000m2.eu\/wp-content\/uploads\/photo_2025-07-14_14-27-06.jpg 960w\" sizes=\"(max-width: 768px) 100vw, 768px\" \/><figcaption class=\"wp-element-caption\">Roll-up nel Geodom (\u00a9Jasper Jordan)<\/figcaption><\/figure>\n<\/div>\n<\/div>\n\n<p>Poco dopo, la mostra \u00e8 stata inserita nel <a href=\"https:\/\/www.misereor.de\/voll-das-leben\"> festival &#8220;Voll das Leben&#8221; <\/a>di Kallstadt. Era molto bella nel palazzetto dello sport ed \u00e8 stata aperta ai visitatori per diversi giorni. Sono stata anche invitata a un evento serale in cui ho potuto guidare il pubblico attraverso la mostra. \u00c8 stato uno scambio emozionante con Claudius G\u00fcnther della Fondazione PreZero e Sascha Leiser della Bauer-Molkerei nell&#8217;ambito di un&#8217;assemblea di cittadini.   <\/p>\n\n<div class=\"wp-block-columns is-layout-flex wp-container-core-columns-is-layout-28f84493 wp-block-columns-is-layout-flex\">\n<div class=\"wp-block-column is-layout-flow wp-block-column-is-layout-flow\">\n<figure class=\"wp-block-image size-large\"><img decoding=\"async\" width=\"1024\" height=\"768\" src=\"https:\/\/www.2000m2.eu\/wp-content\/uploads\/photo_2025-07-14_14-27-24-1024x768.jpg\" alt=\"I roll-up della mostra itinerante sono disposti in una lunga fila.\" class=\"wp-image-11062\" srcset=\"https:\/\/www.2000m2.eu\/wp-content\/uploads\/photo_2025-07-14_14-27-24-1024x768.jpg 1024w, https:\/\/www.2000m2.eu\/wp-content\/uploads\/photo_2025-07-14_14-27-24-300x225.jpg 300w, https:\/\/www.2000m2.eu\/wp-content\/uploads\/photo_2025-07-14_14-27-24-768x576.jpg 768w, https:\/\/www.2000m2.eu\/wp-content\/uploads\/photo_2025-07-14_14-27-24.jpg 1280w\" sizes=\"(max-width: 1024px) 100vw, 1024px\" \/><figcaption class=\"wp-element-caption\">Mostra a Kallstadt (\u00a9Jasper Jordan)<\/figcaption><\/figure>\n<\/div>\n\n\n\n<div class=\"wp-block-column is-layout-flow wp-block-column-is-layout-flow\">\n<figure class=\"wp-block-image size-large\"><img decoding=\"async\" width=\"1024\" height=\"768\" src=\"https:\/\/www.2000m2.eu\/wp-content\/uploads\/photo_2025-07-14_14-27-28-1024x768.jpg\" alt=\"Tre roll-up della mostra itinerante si trovano davanti a un muro a Kallstadt.\" class=\"wp-image-11066\" srcset=\"https:\/\/www.2000m2.eu\/wp-content\/uploads\/photo_2025-07-14_14-27-28-1024x768.jpg 1024w, https:\/\/www.2000m2.eu\/wp-content\/uploads\/photo_2025-07-14_14-27-28-300x225.jpg 300w, https:\/\/www.2000m2.eu\/wp-content\/uploads\/photo_2025-07-14_14-27-28-768x576.jpg 768w, https:\/\/www.2000m2.eu\/wp-content\/uploads\/photo_2025-07-14_14-27-28.jpg 1280w\" sizes=\"(max-width: 1024px) 100vw, 1024px\" \/><figcaption class=\"wp-element-caption\">Mostra a Kallstadt (\u00a9Jasper Jordan)<\/figcaption><\/figure>\n<\/div>\n<\/div>\n\n<p>A luglio la mostra ha visitato anche una scuola di Berlino. Qui \u00e8 stata utilizzata per numerosi programmi educativi ed \u00e8 stata visitata da molti alunni.   <\/p>\n\n<h2 class=\"wp-block-heading\">Le prossime tappe &#8211; anche con te?  <\/h2>\n\n<p>La mostra itinerante sar\u00e0 presto esposta a Seevetal, Brema, Norimberga, Schw\u00e4bisch Gm\u00fcnd e in molti altri luoghi. Come puoi vedere, \u00e8 molto versatile. Ti piacerebbe portarla a casa tua?    <\/p>\n\n<p>Tutte le informazioni sulla <a href=\"https:\/\/www.2000m2.eu\/it\/le-nostre-offerte\/mostra-itinerante-su-14-pannelli\/\">mostra itinerante<\/a> sono disponibili qui. <\/p>\n\n<p>La mostra \u00e8 sponsorizzata dalla <a href=\"https:\/\/www.deutsche-stiftung-engagement-und-ehrenamt.de\/\">Fondazione tedesca per l&#8217;impegno e il volontariato<\/a>.  <\/p>\n\n<p><\/p>\n","protected":false},"excerpt":{"rendered":"<p>La nuova mostra itinerante di Weltacker \u00e8 stata inaugurata all&#8217;inizio di maggio. Da allora, la mostra ha viaggiato molto ed \u00e8 stata presentata in diverse localit\u00e0. Se anche tu vuoi organizzare una mostra nella tua regione, contattaci per fissare le date che preferisci.    &#8230;<\/p>\n","protected":false},"author":6,"featured_media":11065,"comment_status":"closed","ping_status":"open","sticky":false,"template":"","format":"standard","meta":{"footnotes":""},"categories":[90],"tags":[],"class_list":["post-25468","post","type-post","status-publish","format-standard","has-post-thumbnail","hentry","category-senza-categoria"],"yoast_head":"<!-- This site is optimized with the Yoast SEO plugin v27.4 - https:\/\/yoast.com\/product\/yoast-seo-wordpress\/ -->\n<title>Nuova mostra itinerante in tour! - 2000m2<\/title>\n<meta name=\"robots\" content=\"index, follow, max-snippet:-1, max-image-preview:large, max-video-preview:-1\" \/>\n<link rel=\"canonical\" href=\"https:\/\/www.2000m2.eu\/it\/senza-categoria\/nuova-mostra-itinerante-in-tour\/\" \/>\n<meta property=\"og:locale\" content=\"it_IT\" \/>\n<meta property=\"og:type\" content=\"article\" \/>\n<meta property=\"og:title\" content=\"Nuova mostra itinerante in tour! - 2000m2\" \/>\n<meta property=\"og:description\" content=\"La nuova mostra itinerante di Weltacker \u00e8 stata inaugurata all&#039;inizio di maggio. Da allora, la mostra ha viaggiato molto ed \u00e8 stata presentata in diverse localit\u00e0. Se anche tu vuoi organizzare una mostra nella tua regione, contattaci per fissare le date che preferisci.  ...\" \/>\n<meta property=\"og:url\" content=\"https:\/\/www.2000m2.eu\/it\/senza-categoria\/nuova-mostra-itinerante-in-tour\/\" \/>\n<meta property=\"og:site_name\" content=\"2000m2\" \/>\n<meta property=\"article:published_time\" content=\"2025-07-14T13:04:19+00:00\" \/>\n<meta property=\"article:modified_time\" content=\"2025-12-01T15:15:44+00:00\" \/>\n<meta property=\"og:image\" content=\"https:\/\/www.2000m2.eu\/wp-content\/uploads\/photo_2025-07-14_14-27-24.jpg\" \/>\n\t<meta property=\"og:image:width\" content=\"1280\" \/>\n\t<meta property=\"og:image:height\" content=\"960\" \/>\n\t<meta property=\"og:image:type\" content=\"image\/jpeg\" \/>\n<meta name=\"author\" content=\"Jasper Jordan\" \/>\n<meta name=\"twitter:card\" content=\"summary_large_image\" \/>\n<meta name=\"twitter:label1\" content=\"Scritto da\" \/>\n\t<meta name=\"twitter:data1\" content=\"Jasper Jordan\" \/>\n\t<meta name=\"twitter:label2\" content=\"Tempo di lettura stimato\" \/>\n\t<meta name=\"twitter:data2\" content=\"2 minuti\" \/>\n<script type=\"application\/ld+json\" class=\"yoast-schema-graph\">{\"@context\":\"https:\\\/\\\/schema.org\",\"@graph\":[{\"@type\":\"Article\",\"@id\":\"https:\\\/\\\/www.2000m2.eu\\\/it\\\/senza-categoria\\\/nuova-mostra-itinerante-in-tour\\\/#article\",\"isPartOf\":{\"@id\":\"https:\\\/\\\/www.2000m2.eu\\\/it\\\/senza-categoria\\\/nuova-mostra-itinerante-in-tour\\\/\"},\"author\":{\"name\":\"Jasper Jordan\",\"@id\":\"https:\\\/\\\/www.2000m2.eu\\\/it\\\/#\\\/schema\\\/person\\\/a80e7d7fb66f3a63785c9c41ca271fd9\"},\"headline\":\"Nuova mostra itinerante in tour!\",\"datePublished\":\"2025-07-14T13:04:19+00:00\",\"dateModified\":\"2025-12-01T15:15:44+00:00\",\"mainEntityOfPage\":{\"@id\":\"https:\\\/\\\/www.2000m2.eu\\\/it\\\/senza-categoria\\\/nuova-mostra-itinerante-in-tour\\\/\"},\"wordCount\":393,\"publisher\":{\"@id\":\"https:\\\/\\\/www.2000m2.eu\\\/it\\\/#organization\"},\"image\":{\"@id\":\"https:\\\/\\\/www.2000m2.eu\\\/it\\\/senza-categoria\\\/nuova-mostra-itinerante-in-tour\\\/#primaryimage\"},\"thumbnailUrl\":\"https:\\\/\\\/www.2000m2.eu\\\/wp-content\\\/uploads\\\/photo_2025-07-14_14-27-24.jpg\",\"inLanguage\":\"it-IT\"},{\"@type\":\"WebPage\",\"@id\":\"https:\\\/\\\/www.2000m2.eu\\\/it\\\/senza-categoria\\\/nuova-mostra-itinerante-in-tour\\\/\",\"url\":\"https:\\\/\\\/www.2000m2.eu\\\/it\\\/senza-categoria\\\/nuova-mostra-itinerante-in-tour\\\/\",\"name\":\"Nuova mostra itinerante in tour! - 2000m2\",\"isPartOf\":{\"@id\":\"https:\\\/\\\/www.2000m2.eu\\\/it\\\/#website\"},\"primaryImageOfPage\":{\"@id\":\"https:\\\/\\\/www.2000m2.eu\\\/it\\\/senza-categoria\\\/nuova-mostra-itinerante-in-tour\\\/#primaryimage\"},\"image\":{\"@id\":\"https:\\\/\\\/www.2000m2.eu\\\/it\\\/senza-categoria\\\/nuova-mostra-itinerante-in-tour\\\/#primaryimage\"},\"thumbnailUrl\":\"https:\\\/\\\/www.2000m2.eu\\\/wp-content\\\/uploads\\\/photo_2025-07-14_14-27-24.jpg\",\"datePublished\":\"2025-07-14T13:04:19+00:00\",\"dateModified\":\"2025-12-01T15:15:44+00:00\",\"breadcrumb\":{\"@id\":\"https:\\\/\\\/www.2000m2.eu\\\/it\\\/senza-categoria\\\/nuova-mostra-itinerante-in-tour\\\/#breadcrumb\"},\"inLanguage\":\"it-IT\",\"potentialAction\":[{\"@type\":\"ReadAction\",\"target\":[\"https:\\\/\\\/www.2000m2.eu\\\/it\\\/senza-categoria\\\/nuova-mostra-itinerante-in-tour\\\/\"]}]},{\"@type\":\"ImageObject\",\"inLanguage\":\"it-IT\",\"@id\":\"https:\\\/\\\/www.2000m2.eu\\\/it\\\/senza-categoria\\\/nuova-mostra-itinerante-in-tour\\\/#primaryimage\",\"url\":\"https:\\\/\\\/www.2000m2.eu\\\/wp-content\\\/uploads\\\/photo_2025-07-14_14-27-24.jpg\",\"contentUrl\":\"https:\\\/\\\/www.2000m2.eu\\\/wp-content\\\/uploads\\\/photo_2025-07-14_14-27-24.jpg\",\"width\":1280,\"height\":960,\"caption\":\"In einer langen Reihe stehen die Roll-Ups der Wanderausstellung.\"},{\"@type\":\"BreadcrumbList\",\"@id\":\"https:\\\/\\\/www.2000m2.eu\\\/it\\\/senza-categoria\\\/nuova-mostra-itinerante-in-tour\\\/#breadcrumb\",\"itemListElement\":[{\"@type\":\"ListItem\",\"position\":1,\"name\":\"Home\",\"item\":\"https:\\\/\\\/www.2000m2.eu\\\/it\\\/\"},{\"@type\":\"ListItem\",\"position\":2,\"name\":\"Nuova mostra itinerante in tour!\"}]},{\"@type\":\"WebSite\",\"@id\":\"https:\\\/\\\/www.2000m2.eu\\\/it\\\/#website\",\"url\":\"https:\\\/\\\/www.2000m2.eu\\\/it\\\/\",\"name\":\"2000m2\",\"description\":\"\",\"publisher\":{\"@id\":\"https:\\\/\\\/www.2000m2.eu\\\/it\\\/#organization\"},\"potentialAction\":[{\"@type\":\"SearchAction\",\"target\":{\"@type\":\"EntryPoint\",\"urlTemplate\":\"https:\\\/\\\/www.2000m2.eu\\\/it\\\/?s={search_term_string}\"},\"query-input\":{\"@type\":\"PropertyValueSpecification\",\"valueRequired\":true,\"valueName\":\"search_term_string\"}}],\"inLanguage\":\"it-IT\"},{\"@type\":\"Organization\",\"@id\":\"https:\\\/\\\/www.2000m2.eu\\\/it\\\/#organization\",\"name\":\"2000m2\",\"url\":\"https:\\\/\\\/www.2000m2.eu\\\/it\\\/\",\"logo\":{\"@type\":\"ImageObject\",\"inLanguage\":\"it-IT\",\"@id\":\"https:\\\/\\\/www.2000m2.eu\\\/it\\\/#\\\/schema\\\/logo\\\/image\\\/\",\"url\":\"https:\\\/\\\/www.2000m2.eu\\\/wp-content\\\/uploads\\\/logo.png\",\"contentUrl\":\"https:\\\/\\\/www.2000m2.eu\\\/wp-content\\\/uploads\\\/logo.png\",\"width\":445,\"height\":140,\"caption\":\"2000m2\"},\"image\":{\"@id\":\"https:\\\/\\\/www.2000m2.eu\\\/it\\\/#\\\/schema\\\/logo\\\/image\\\/\"}},{\"@type\":\"Person\",\"@id\":\"https:\\\/\\\/www.2000m2.eu\\\/it\\\/#\\\/schema\\\/person\\\/a80e7d7fb66f3a63785c9c41ca271fd9\",\"name\":\"Jasper Jordan\",\"url\":\"https:\\\/\\\/www.2000m2.eu\\\/it\\\/author\\\/jasper-jordan\\\/\"}]}<\/script>\n<!-- \/ Yoast SEO plugin. -->","yoast_head_json":{"title":"Nuova mostra itinerante in tour! - 2000m2","robots":{"index":"index","follow":"follow","max-snippet":"max-snippet:-1","max-image-preview":"max-image-preview:large","max-video-preview":"max-video-preview:-1"},"canonical":"https:\/\/www.2000m2.eu\/it\/senza-categoria\/nuova-mostra-itinerante-in-tour\/","og_locale":"it_IT","og_type":"article","og_title":"Nuova mostra itinerante in tour! - 2000m2","og_description":"La nuova mostra itinerante di Weltacker \u00e8 stata inaugurata all'inizio di maggio. Da allora, la mostra ha viaggiato molto ed \u00e8 stata presentata in diverse localit\u00e0. Se anche tu vuoi organizzare una mostra nella tua regione, contattaci per fissare le date che preferisci.  ...","og_url":"https:\/\/www.2000m2.eu\/it\/senza-categoria\/nuova-mostra-itinerante-in-tour\/","og_site_name":"2000m2","article_published_time":"2025-07-14T13:04:19+00:00","article_modified_time":"2025-12-01T15:15:44+00:00","og_image":[{"width":1280,"height":960,"url":"https:\/\/www.2000m2.eu\/wp-content\/uploads\/photo_2025-07-14_14-27-24.jpg","type":"image\/jpeg"}],"author":"Jasper Jordan","twitter_card":"summary_large_image","twitter_misc":{"Scritto da":"Jasper Jordan","Tempo di lettura stimato":"2 minuti"},"schema":{"@context":"https:\/\/schema.org","@graph":[{"@type":"Article","@id":"https:\/\/www.2000m2.eu\/it\/senza-categoria\/nuova-mostra-itinerante-in-tour\/#article","isPartOf":{"@id":"https:\/\/www.2000m2.eu\/it\/senza-categoria\/nuova-mostra-itinerante-in-tour\/"},"author":{"name":"Jasper Jordan","@id":"https:\/\/www.2000m2.eu\/it\/#\/schema\/person\/a80e7d7fb66f3a63785c9c41ca271fd9"},"headline":"Nuova mostra itinerante in tour!","datePublished":"2025-07-14T13:04:19+00:00","dateModified":"2025-12-01T15:15:44+00:00","mainEntityOfPage":{"@id":"https:\/\/www.2000m2.eu\/it\/senza-categoria\/nuova-mostra-itinerante-in-tour\/"},"wordCount":393,"publisher":{"@id":"https:\/\/www.2000m2.eu\/it\/#organization"},"image":{"@id":"https:\/\/www.2000m2.eu\/it\/senza-categoria\/nuova-mostra-itinerante-in-tour\/#primaryimage"},"thumbnailUrl":"https:\/\/www.2000m2.eu\/wp-content\/uploads\/photo_2025-07-14_14-27-24.jpg","inLanguage":"it-IT"},{"@type":"WebPage","@id":"https:\/\/www.2000m2.eu\/it\/senza-categoria\/nuova-mostra-itinerante-in-tour\/","url":"https:\/\/www.2000m2.eu\/it\/senza-categoria\/nuova-mostra-itinerante-in-tour\/","name":"Nuova mostra itinerante in tour! - 2000m2","isPartOf":{"@id":"https:\/\/www.2000m2.eu\/it\/#website"},"primaryImageOfPage":{"@id":"https:\/\/www.2000m2.eu\/it\/senza-categoria\/nuova-mostra-itinerante-in-tour\/#primaryimage"},"image":{"@id":"https:\/\/www.2000m2.eu\/it\/senza-categoria\/nuova-mostra-itinerante-in-tour\/#primaryimage"},"thumbnailUrl":"https:\/\/www.2000m2.eu\/wp-content\/uploads\/photo_2025-07-14_14-27-24.jpg","datePublished":"2025-07-14T13:04:19+00:00","dateModified":"2025-12-01T15:15:44+00:00","breadcrumb":{"@id":"https:\/\/www.2000m2.eu\/it\/senza-categoria\/nuova-mostra-itinerante-in-tour\/#breadcrumb"},"inLanguage":"it-IT","potentialAction":[{"@type":"ReadAction","target":["https:\/\/www.2000m2.eu\/it\/senza-categoria\/nuova-mostra-itinerante-in-tour\/"]}]},{"@type":"ImageObject","inLanguage":"it-IT","@id":"https:\/\/www.2000m2.eu\/it\/senza-categoria\/nuova-mostra-itinerante-in-tour\/#primaryimage","url":"https:\/\/www.2000m2.eu\/wp-content\/uploads\/photo_2025-07-14_14-27-24.jpg","contentUrl":"https:\/\/www.2000m2.eu\/wp-content\/uploads\/photo_2025-07-14_14-27-24.jpg","width":1280,"height":960,"caption":"In einer langen Reihe stehen die Roll-Ups der Wanderausstellung."},{"@type":"BreadcrumbList","@id":"https:\/\/www.2000m2.eu\/it\/senza-categoria\/nuova-mostra-itinerante-in-tour\/#breadcrumb","itemListElement":[{"@type":"ListItem","position":1,"name":"Home","item":"https:\/\/www.2000m2.eu\/it\/"},{"@type":"ListItem","position":2,"name":"Nuova mostra itinerante in tour!"}]},{"@type":"WebSite","@id":"https:\/\/www.2000m2.eu\/it\/#website","url":"https:\/\/www.2000m2.eu\/it\/","name":"2000m2","description":"","publisher":{"@id":"https:\/\/www.2000m2.eu\/it\/#organization"},"potentialAction":[{"@type":"SearchAction","target":{"@type":"EntryPoint","urlTemplate":"https:\/\/www.2000m2.eu\/it\/?s={search_term_string}"},"query-input":{"@type":"PropertyValueSpecification","valueRequired":true,"valueName":"search_term_string"}}],"inLanguage":"it-IT"},{"@type":"Organization","@id":"https:\/\/www.2000m2.eu\/it\/#organization","name":"2000m2","url":"https:\/\/www.2000m2.eu\/it\/","logo":{"@type":"ImageObject","inLanguage":"it-IT","@id":"https:\/\/www.2000m2.eu\/it\/#\/schema\/logo\/image\/","url":"https:\/\/www.2000m2.eu\/wp-content\/uploads\/logo.png","contentUrl":"https:\/\/www.2000m2.eu\/wp-content\/uploads\/logo.png","width":445,"height":140,"caption":"2000m2"},"image":{"@id":"https:\/\/www.2000m2.eu\/it\/#\/schema\/logo\/image\/"}},{"@type":"Person","@id":"https:\/\/www.2000m2.eu\/it\/#\/schema\/person\/a80e7d7fb66f3a63785c9c41ca271fd9","name":"Jasper Jordan","url":"https:\/\/www.2000m2.eu\/it\/author\/jasper-jordan\/"}]}},"_links":{"self":[{"href":"https:\/\/www.2000m2.eu\/it\/wp-json\/wp\/v2\/posts\/25468","targetHints":{"allow":["GET"]}}],"collection":[{"href":"https:\/\/www.2000m2.eu\/it\/wp-json\/wp\/v2\/posts"}],"about":[{"href":"https:\/\/www.2000m2.eu\/it\/wp-json\/wp\/v2\/types\/post"}],"author":[{"embeddable":true,"href":"https:\/\/www.2000m2.eu\/it\/wp-json\/wp\/v2\/users\/6"}],"replies":[{"embeddable":true,"href":"https:\/\/www.2000m2.eu\/it\/wp-json\/wp\/v2\/comments?post=25468"}],"version-history":[{"count":1,"href":"https:\/\/www.2000m2.eu\/it\/wp-json\/wp\/v2\/posts\/25468\/revisions"}],"predecessor-version":[{"id":25469,"href":"https:\/\/www.2000m2.eu\/it\/wp-json\/wp\/v2\/posts\/25468\/revisions\/25469"}],"wp:featuredmedia":[{"embeddable":true,"href":"https:\/\/www.2000m2.eu\/it\/wp-json\/wp\/v2\/media\/11065"}],"wp:attachment":[{"href":"https:\/\/www.2000m2.eu\/it\/wp-json\/wp\/v2\/media?parent=25468"}],"wp:term":[{"taxonomy":"category","embeddable":true,"href":"https:\/\/www.2000m2.eu\/it\/wp-json\/wp\/v2\/categories?post=25468"},{"taxonomy":"post_tag","embeddable":true,"href":"https:\/\/www.2000m2.eu\/it\/wp-json\/wp\/v2\/tags?post=25468"}],"curies":[{"name":"wp","href":"https:\/\/api.w.org\/{rel}","templated":true}]}}