{"id":25476,"date":"2025-05-20T14:01:49","date_gmt":"2025-05-20T14:01:49","guid":{"rendered":"https:\/\/www.2000m2.eu\/senza-categoria\/nuovo-campo-globale-a-zurigo\/"},"modified":"2025-12-01T15:29:27","modified_gmt":"2025-12-01T15:29:27","slug":"nuovo-campo-globale-a-zurigo","status":"publish","type":"post","link":"https:\/\/www.2000m2.eu\/it\/svizzera\/nuovo-campo-globale-a-zurigo\/","title":{"rendered":"Nuovo Campo Globale a Zurigo"},"content":{"rendered":"\n<h1 class=\"wp-block-heading\">Il quarto Campo Globale della Svizzera \u00e8 aperto<\/h1>\n\n<p>Sabato 17 maggio 2025, la &#8220;stagione zero&#8221; del Campo Globale a Zurigo ha preso il via con visite guidate alle installazioni, musica e drink.<\/p>\n\n<figure class=\"wp-block-image size-large\"><img decoding=\"async\" width=\"1024\" height=\"678\" src=\"https:\/\/www.2000m2.eu\/wp-content\/uploads\/250517-WAZH-Eroeffnung-12-1024x678.jpg\" alt=\"I membri del consiglio direttivo di Weltacker Z&#xFC;rich (da sinistra: Rahel Fuchs, Simone Gabi, Barbara Holzer, Olivia Senn) alla cerimonia di apertura del Campo Globale a Zurigo, il 17 maggio 2025, presso l'Huebhof di Zurigo Schwamendingen.\" class=\"wp-image-8462\" srcset=\"https:\/\/www.2000m2.eu\/wp-content\/uploads\/250517-WAZH-Eroeffnung-12-1024x678.jpg 1024w, https:\/\/www.2000m2.eu\/wp-content\/uploads\/250517-WAZH-Eroeffnung-12-300x199.jpg 300w, https:\/\/www.2000m2.eu\/wp-content\/uploads\/250517-WAZH-Eroeffnung-12-768x509.jpg 768w, https:\/\/www.2000m2.eu\/wp-content\/uploads\/250517-WAZH-Eroeffnung-12-1536x1018.jpg 1536w, https:\/\/www.2000m2.eu\/wp-content\/uploads\/250517-WAZH-Eroeffnung-12.jpg 1920w\" sizes=\"(max-width: 1024px) 100vw, 1024px\" \/><figcaption class=\"wp-element-caption\">Il mondo come una mela: i membri del consiglio di amministrazione (da sinistra: Rahel Fuchs, Simone Gabi, Barbara Holzer, Olivia Senn) mostrano quanta terra coltivabile ha il nostro pianeta. (Immagine: Niklaus Salzmann \/ Weltacker Schweiz) <\/figcaption><\/figure>\n\n<p>Solo un trentaduesimo della superficie terrestre \u00e8 terra coltivabile. Il team del Campo Globale di Zurigo ha utilizzato una mela per dimostrare quanto poco sia questa superficie al pubblico della cerimonia di apertura del 17 maggio 2025. In questo modo, hanno portato i visitatori proprio al centro della terra coltivabile del mondo.  <\/p>\n\n<p>Sviluppare la sensibilit\u00e0 per l&#8217;area occupata dal nostro cibo \u00e8 uno degli obiettivi pi\u00f9 importanti dei Campi Globali. \u00c8 stato cos\u00ec anche a Zurigo, dove la cosiddetta &#8220;Stagione Zero&#8221; ha preso il via all&#8217;Huebhof di Schwamendingen sabato 17 maggio 2025. Al buffet di superficie di terreno, i visitatori hanno potuto vedere quanto spazio occupa sul campo una porzione di muesli Bircher, uno stufato di fagioli o degli spaghetti alla bolognese.  <\/p>\n\n<figure class=\"wp-block-image size-large\"><img decoding=\"async\" width=\"1024\" height=\"678\" src=\"https:\/\/www.2000m2.eu\/wp-content\/uploads\/250517-WAZH-Eroeffnung-34-1024x678.jpg\" alt=\"Diverse piccole aiuole sono disposte con cartelli che indicano i piatti coltivati. Un uomo osserva gli appezzamenti.   \" class=\"wp-image-8464\" srcset=\"https:\/\/www.2000m2.eu\/wp-content\/uploads\/250517-WAZH-Eroeffnung-34-1024x678.jpg 1024w, https:\/\/www.2000m2.eu\/wp-content\/uploads\/250517-WAZH-Eroeffnung-34-300x199.jpg 300w, https:\/\/www.2000m2.eu\/wp-content\/uploads\/250517-WAZH-Eroeffnung-34-768x509.jpg 768w, https:\/\/www.2000m2.eu\/wp-content\/uploads\/250517-WAZH-Eroeffnung-34-1536x1018.jpg 1536w, https:\/\/www.2000m2.eu\/wp-content\/uploads\/250517-WAZH-Eroeffnung-34.jpg 1920w\" sizes=\"(max-width: 1024px) 100vw, 1024px\" \/><figcaption class=\"wp-element-caption\">Di quanto spazio ha bisogno un menu? Il buffet di superficie di terreno del Campo Globale di Zurigo. (Immagine: Niklaus Salzmann \/ Weltacker Svizzera)  <\/figcaption><\/figure>\n\n<p>La cantautrice Irene Mazza ha fatto da sfondo musicale alla cerimonia di apertura. Ha creato riferimenti umoristici ad argomenti seri, ha parlato dell&#8217;acqua del rubinetto svizzera che le manca quando viaggia, ha cantato una canzone di protesta tradizionale italiana in cui il popolo si lamenta dell&#8217;ingiusta distribuzione della terra e ha fatto crescere un tulipano da un piccolo secchio come per magia. <\/p>\n<style>.wp-block-kadence-advancedgallery.kb-gallery-wrap-id-8456_99fbef-04{overflow:hidden;}.kb-gallery-type-carousel.kb-gallery-id-8456_99fbef-04 .kt-blocks-carousel .kt-blocks-carousel-init:not( .splide-initialized ){margin-left:-5px;margin-right:-5px;}.kb-gallery-type-carousel.kb-gallery-id-8456_99fbef-04 .kt-blocks-carousel .kt-blocks-carousel-init:not( .splide-initialized ) .kb-slide-item{padding-left:5px;padding-right:5px;}.kb-gallery-id-8456_99fbef-04 .kadence-blocks-gallery-item .kb-gal-image-radius, .kb-gallery-id-8456_99fbef-04 .kb-slide-item .kb-gal-image-radius img{border-radius:0px 0px 0px 0px;;}.kb-gallery-wrap-id-8456_99fbef-04.wp-block-kadence-advancedgallery{overflow:visible;}.kb-gallery-wrap-id-8456_99fbef-04.wp-block-kadence-advancedgallery .kt-blocks-carousel{overflow:visible;}<\/style><div class=\"kb-gallery-wrap-id-8456_99fbef-04 alignnone wp-block-kadence-advancedgallery\"><div class=\"kb-gallery-ul kb-gallery-non-static kb-gallery-type-carousel kb-gallery-id-8456_99fbef-04 kb-gallery-caption-style-bottom-hover kb-gallery-filter-none\" data-image-filter=\"none\" data-lightbox-caption=\"true\"><div class=\"kt-blocks-carousel kt-carousel-container-dotstyle-dark\"><div class=\"kt-blocks-carousel-init kb-gallery-carousel kt-carousel-arrowstyle-whiteondark kt-carousel-dotstyle-dark kb-slider-group-arrow kb-slider-arrow-position-center\" data-columns-xxl=\"3\" data-columns-xl=\"3\" data-columns-md=\"3\" data-columns-sm=\"2\" data-columns-xs=\"1\" data-columns-ss=\"1\" data-slider-anim-speed=\"400\" data-slider-scroll=\"1\" data-slider-arrows=\"true\" data-slider-dots=\"true\" data-slider-hover-pause=\"false\" data-slider-auto=\"\" data-slider-speed=\"7000\" data-slider-gap=\"10px\" data-slider-gap-tablet=\"10px\" data-slider-gap-mobile=\"10px\" data-show-pause-button=\"false\" aria-label=\"Photo Gallery Carousel\"><li class=\"kb-slide-item kb-gallery-carousel-item\"><div class=\"kadence-blocks-gallery-item\"><div class=\"kadence-blocks-gallery-item-inner\"><figure class=\"kb-gallery-figure kadence-blocks-gallery-item-hide-caption\"><div class=\"kb-gal-image-radius\"><div class=\"kb-gallery-image-contain kadence-blocks-gallery-intrinsic kb-gallery-image-ratio-land32 kb-has-image-ratio-land32\" ><img decoding=\"async\" src=\"https:\/\/www.2000m2.eu\/wp-content\/uploads\/250517-WAZH-Eroeffnung-23-1024x678.jpg\" width=\"1024\" height=\"678\" alt=\"Die Liedermacherin Irene Mazza mit Mikrofon und Gitarre.\" data-full-image=\"https:\/\/www.2000m2.eu\/wp-content\/uploads\/250517-WAZH-Eroeffnung-23.jpg\" data-light-image=\"https:\/\/www.2000m2.eu\/wp-content\/uploads\/250517-WAZH-Eroeffnung-23.jpg\" data-id=\"8471\" class=\"wp-image-8471 skip-lazy\" srcset=\"https:\/\/www.2000m2.eu\/wp-content\/uploads\/250517-WAZH-Eroeffnung-23-1024x678.jpg 1024w, https:\/\/www.2000m2.eu\/wp-content\/uploads\/250517-WAZH-Eroeffnung-23-300x199.jpg 300w, https:\/\/www.2000m2.eu\/wp-content\/uploads\/250517-WAZH-Eroeffnung-23-768x509.jpg 768w, https:\/\/www.2000m2.eu\/wp-content\/uploads\/250517-WAZH-Eroeffnung-23-1536x1018.jpg 1536w, https:\/\/www.2000m2.eu\/wp-content\/uploads\/250517-WAZH-Eroeffnung-23.jpg 1920w\" sizes=\"(max-width: 1024px) 100vw, 1024px\" \/><\/div><\/div><\/figure><\/div><\/div><\/li><li class=\"kb-slide-item kb-gallery-carousel-item\"><div class=\"kadence-blocks-gallery-item\"><div class=\"kadence-blocks-gallery-item-inner\"><figure class=\"kb-gallery-figure kadence-blocks-gallery-item-hide-caption\"><div class=\"kb-gal-image-radius\"><div class=\"kb-gallery-image-contain kadence-blocks-gallery-intrinsic kb-gallery-image-ratio-land32 kb-has-image-ratio-land32\" ><img decoding=\"async\" src=\"https:\/\/www.2000m2.eu\/wp-content\/uploads\/250517-WAZH-Eroeffnung-19-1024x678.jpg\" width=\"1024\" height=\"678\" alt=\"Publikum beim Auftritt der Liedermacherin Irene Mazza.\" data-full-image=\"https:\/\/www.2000m2.eu\/wp-content\/uploads\/250517-WAZH-Eroeffnung-19.jpg\" data-light-image=\"https:\/\/www.2000m2.eu\/wp-content\/uploads\/250517-WAZH-Eroeffnung-19.jpg\" data-id=\"8469\" class=\"wp-image-8469 skip-lazy\" srcset=\"https:\/\/www.2000m2.eu\/wp-content\/uploads\/250517-WAZH-Eroeffnung-19-1024x678.jpg 1024w, https:\/\/www.2000m2.eu\/wp-content\/uploads\/250517-WAZH-Eroeffnung-19-300x199.jpg 300w, https:\/\/www.2000m2.eu\/wp-content\/uploads\/250517-WAZH-Eroeffnung-19-768x509.jpg 768w, https:\/\/www.2000m2.eu\/wp-content\/uploads\/250517-WAZH-Eroeffnung-19-1536x1018.jpg 1536w, https:\/\/www.2000m2.eu\/wp-content\/uploads\/250517-WAZH-Eroeffnung-19.jpg 1920w\" sizes=\"(max-width: 1024px) 100vw, 1024px\" \/><\/div><\/div><\/figure><\/div><\/div><\/li><\/div><\/div><\/div><\/div>\n<p>I visitatori hanno anche avuto l&#8217;opportunit\u00e0 di ascoltare gli organismi del suolo con un microfono altamente sensibile, di scoprire com&#8217;\u00e8 il terreno nella finestra del suolo e di conoscere le parti sotterranee delle piante, per lo pi\u00f9 nascoste, nella finestra delle radici. E naturalmente c&#8217;\u00e8 stato anche il tempo per il fattore umano, ovvero lo scambio di idee tra persone stimolanti davanti a cibi e bevande. <\/p>\n<style>.kb-gallery-id-8456_966d37-91.kb-gallery-ul.kb-gallery-type-fluidcarousel .kt-blocks-carousel figure .kb-gal-image-radius, .kb-gallery-id-8456_966d37-91.kb-gallery-ul.kb-gallery-type-fluidcarousel .kt-blocks-carousel figure .kb-gal-image-radius img{height:300px;}.kb-gallery-id-8456_966d37-91 .kadence-blocks-gallery-item .kb-gal-image-radius, .kb-gallery-id-8456_966d37-91 .kb-slide-item .kb-gal-image-radius img{border-radius:0px 0px 0px 0px;;}.kb-gallery-wrap-id-8456_966d37-91.wp-block-kadence-advancedgallery{overflow:visible;}.kb-gallery-wrap-id-8456_966d37-91.wp-block-kadence-advancedgallery .kt-blocks-carousel{overflow:visible;max-width:100%;}<\/style><div class=\"kb-gallery-wrap-id-8456_966d37-91 alignnone wp-block-kadence-advancedgallery\"><div class=\"kb-gallery-ul kb-gallery-non-static kb-gallery-type-fluidcarousel kb-gallery-id-8456_966d37-91 kb-gallery-caption-style-bottom-hover kb-gallery-filter-none\" data-image-filter=\"none\" data-lightbox-caption=\"true\"><div class=\"kt-blocks-carousel kt-carousel-container-dotstyle-dark\"><div class=\"kt-blocks-carousel-init kb-blocks-fluid-carousel kt-carousel-arrowstyle-whiteondark kt-carousel-dotstyle-dark kb-slider-group-arrow kb-slider-arrow-position-center\" data-slider-anim-speed=\"400\" data-slider-scroll=\"1\" data-slider-arrows=\"true\" data-slider-dots=\"true\" data-slider-hover-pause=\"false\" data-slider-auto=\"\" data-slider-speed=\"7000\" data-slider-type=\"fluidcarousel\" data-slider-center-mode=\"true\" data-slider-gap=\"10px\" data-slider-gap-tablet=\"10px\" data-slider-gap-mobile=\"10px\" data-show-pause-button=\"false\"><li class=\"kb-slide-item kb-gallery-carousel-item\"><div class=\"kadence-blocks-gallery-item\"><div class=\"kadence-blocks-gallery-item-inner\"><figure class=\"kb-gallery-figure kadence-blocks-gallery-item-hide-caption\"><div class=\"kb-gal-image-radius\"><div class=\"kb-gallery-image-contain\" ><img decoding=\"async\" src=\"https:\/\/www.2000m2.eu\/wp-content\/uploads\/250517-WAZH-Eroeffnung-45-678x1024.jpg\" width=\"678\" height=\"1024\" alt=\"Barbara Holzer, Co-Pr\u00e4sidentin Weltacker Z\u00fcrich, im Bodenfenster.\" data-full-image=\"https:\/\/www.2000m2.eu\/wp-content\/uploads\/250517-WAZH-Eroeffnung-45.jpg\" data-light-image=\"https:\/\/www.2000m2.eu\/wp-content\/uploads\/250517-WAZH-Eroeffnung-45.jpg\" data-id=\"8460\" class=\"wp-image-8460 skip-lazy\" srcset=\"https:\/\/www.2000m2.eu\/wp-content\/uploads\/250517-WAZH-Eroeffnung-45-678x1024.jpg 678w, https:\/\/www.2000m2.eu\/wp-content\/uploads\/250517-WAZH-Eroeffnung-45-199x300.jpg 199w, https:\/\/www.2000m2.eu\/wp-content\/uploads\/250517-WAZH-Eroeffnung-45-768x1159.jpg 768w, https:\/\/www.2000m2.eu\/wp-content\/uploads\/250517-WAZH-Eroeffnung-45-1018x1536.jpg 1018w, https:\/\/www.2000m2.eu\/wp-content\/uploads\/250517-WAZH-Eroeffnung-45.jpg 1272w\" sizes=\"(max-width: 678px) 100vw, 678px\" \/><\/div><\/div><\/figure><\/div><\/div><\/li><li class=\"kb-slide-item kb-gallery-carousel-item\"><div class=\"kadence-blocks-gallery-item\"><div class=\"kadence-blocks-gallery-item-inner\"><figure class=\"kb-gallery-figure kadence-blocks-gallery-item-hide-caption\"><div class=\"kb-gal-image-radius\"><div class=\"kb-gallery-image-contain\" ><img decoding=\"async\" src=\"https:\/\/www.2000m2.eu\/wp-content\/uploads\/250517-WAZH-Eroeffnung-5-1024x678.jpg\" width=\"1024\" height=\"678\" alt=\"Ein Mann mit Kopfh\u00f6rer in der Hocke auf einem Feld\" data-full-image=\"https:\/\/www.2000m2.eu\/wp-content\/uploads\/250517-WAZH-Eroeffnung-5.jpg\" data-light-image=\"https:\/\/www.2000m2.eu\/wp-content\/uploads\/250517-WAZH-Eroeffnung-5.jpg\" data-id=\"8467\" class=\"wp-image-8467 skip-lazy\" srcset=\"https:\/\/www.2000m2.eu\/wp-content\/uploads\/250517-WAZH-Eroeffnung-5-1024x678.jpg 1024w, https:\/\/www.2000m2.eu\/wp-content\/uploads\/250517-WAZH-Eroeffnung-5-300x199.jpg 300w, https:\/\/www.2000m2.eu\/wp-content\/uploads\/250517-WAZH-Eroeffnung-5-768x509.jpg 768w, https:\/\/www.2000m2.eu\/wp-content\/uploads\/250517-WAZH-Eroeffnung-5-1536x1018.jpg 1536w, https:\/\/www.2000m2.eu\/wp-content\/uploads\/250517-WAZH-Eroeffnung-5.jpg 1920w\" sizes=\"(max-width: 1024px) 100vw, 1024px\" \/><\/div><\/div><\/figure><\/div><\/div><\/li><li class=\"kb-slide-item kb-gallery-carousel-item\"><div class=\"kadence-blocks-gallery-item\"><div class=\"kadence-blocks-gallery-item-inner\"><figure class=\"kb-gallery-figure kadence-blocks-gallery-item-hide-caption\"><div class=\"kb-gal-image-radius\"><div class=\"kb-gallery-image-contain\" ><img decoding=\"async\" src=\"https:\/\/www.2000m2.eu\/wp-content\/uploads\/250517-WAZH-Eroeffnung-40-678x1024.jpg\" width=\"678\" height=\"1024\" alt=\"Ein Kasten mit Glasscheibe er\u00f6ffnet den Blick auf die Wurzeln der Pflanzen.\" data-full-image=\"https:\/\/www.2000m2.eu\/wp-content\/uploads\/250517-WAZH-Eroeffnung-40.jpg\" data-light-image=\"https:\/\/www.2000m2.eu\/wp-content\/uploads\/250517-WAZH-Eroeffnung-40.jpg\" data-id=\"8473\" class=\"wp-image-8473 skip-lazy\" srcset=\"https:\/\/www.2000m2.eu\/wp-content\/uploads\/250517-WAZH-Eroeffnung-40-678x1024.jpg 678w, https:\/\/www.2000m2.eu\/wp-content\/uploads\/250517-WAZH-Eroeffnung-40-199x300.jpg 199w, https:\/\/www.2000m2.eu\/wp-content\/uploads\/250517-WAZH-Eroeffnung-40-768x1159.jpg 768w, https:\/\/www.2000m2.eu\/wp-content\/uploads\/250517-WAZH-Eroeffnung-40-1018x1536.jpg 1018w, https:\/\/www.2000m2.eu\/wp-content\/uploads\/250517-WAZH-Eroeffnung-40.jpg 1272w\" sizes=\"(max-width: 678px) 100vw, 678px\" \/><\/div><\/div><\/figure><\/div><\/div><\/li><\/div><\/div><\/div><\/div>\n<p>Il Campo Globale di Zurigo \u00e8 il quarto in Svizzera. L&#8217;obiettivo \u00e8 quello di fare esperienza quest&#8217;anno con le installazioni appena create per poi creare un campo di 2000 metri quadrati nel 2026. Un enorme ringraziamento alle instancabili presidentesse, al team di Huebhof e a tutte le altre mani e menti che stanno dietro al Weltacker Z\u00fcrich!  <\/p>\n","protected":false},"excerpt":{"rendered":"<p>Sabato 17 maggio 2025, la &#8220;stagione zero&#8221; del Campo Globale a Zurigo ha preso il via con visite guidate alle installazioni, musica e drink&#8230;.<\/p>\n","protected":false},"author":7,"featured_media":23897,"comment_status":"closed","ping_status":"open","sticky":false,"template":"","format":"standard","meta":{"footnotes":""},"categories":[297,90],"tags":[],"class_list":["post-25476","post","type-post","status-publish","format-standard","has-post-thumbnail","hentry","category-svizzera","category-senza-categoria"],"yoast_head":"<!-- This site is optimized with the Yoast SEO plugin v27.4 - https:\/\/yoast.com\/product\/yoast-seo-wordpress\/ -->\n<title>Nuovo Campo Globale a Zurigo - 2000m2<\/title>\n<meta name=\"robots\" content=\"index, follow, max-snippet:-1, max-image-preview:large, max-video-preview:-1\" \/>\n<link rel=\"canonical\" href=\"https:\/\/www.2000m2.eu\/it\/svizzera\/nuovo-campo-globale-a-zurigo\/\" \/>\n<meta property=\"og:locale\" content=\"it_IT\" \/>\n<meta property=\"og:type\" content=\"article\" \/>\n<meta property=\"og:title\" content=\"Nuovo Campo Globale a Zurigo - 2000m2\" \/>\n<meta property=\"og:description\" content=\"Sabato 17 maggio 2025, la &quot;stagione zero&quot; del Campo Globale a Zurigo ha preso il via con visite guidate alle installazioni, musica e drink....\" \/>\n<meta property=\"og:url\" content=\"https:\/\/www.2000m2.eu\/it\/svizzera\/nuovo-campo-globale-a-zurigo\/\" \/>\n<meta property=\"og:site_name\" content=\"2000m2\" \/>\n<meta property=\"article:published_time\" content=\"2025-05-20T14:01:49+00:00\" \/>\n<meta property=\"article:modified_time\" content=\"2025-12-01T15:29:27+00:00\" \/>\n<meta property=\"og:image\" content=\"https:\/\/www.2000m2.eu\/wp-content\/uploads\/250517-WAZH-Eroeffnung-12.jpg\" \/>\n\t<meta property=\"og:image:width\" content=\"1920\" \/>\n\t<meta property=\"og:image:height\" content=\"1272\" \/>\n\t<meta property=\"og:image:type\" content=\"image\/jpeg\" \/>\n<meta name=\"author\" content=\"Niklaus Salzmann\" \/>\n<meta name=\"twitter:card\" content=\"summary_large_image\" \/>\n<meta name=\"twitter:label1\" content=\"Scritto da\" \/>\n\t<meta name=\"twitter:data1\" content=\"Niklaus Salzmann\" \/>\n\t<meta name=\"twitter:label2\" content=\"Tempo di lettura stimato\" \/>\n\t<meta name=\"twitter:data2\" content=\"2 minuti\" \/>\n<script type=\"application\/ld+json\" class=\"yoast-schema-graph\">{\"@context\":\"https:\\\/\\\/schema.org\",\"@graph\":[{\"@type\":\"Article\",\"@id\":\"https:\\\/\\\/www.2000m2.eu\\\/it\\\/svizzera\\\/nuovo-campo-globale-a-zurigo\\\/#article\",\"isPartOf\":{\"@id\":\"https:\\\/\\\/www.2000m2.eu\\\/it\\\/svizzera\\\/nuovo-campo-globale-a-zurigo\\\/\"},\"author\":{\"name\":\"Niklaus Salzmann\",\"@id\":\"https:\\\/\\\/www.2000m2.eu\\\/it\\\/#\\\/schema\\\/person\\\/64cef59328d1e737d639cf31a6317dbe\"},\"headline\":\"Nuovo Campo Globale a Zurigo\",\"datePublished\":\"2025-05-20T14:01:49+00:00\",\"dateModified\":\"2025-12-01T15:29:27+00:00\",\"mainEntityOfPage\":{\"@id\":\"https:\\\/\\\/www.2000m2.eu\\\/it\\\/svizzera\\\/nuovo-campo-globale-a-zurigo\\\/\"},\"wordCount\":395,\"publisher\":{\"@id\":\"https:\\\/\\\/www.2000m2.eu\\\/it\\\/#organization\"},\"image\":{\"@id\":\"https:\\\/\\\/www.2000m2.eu\\\/it\\\/svizzera\\\/nuovo-campo-globale-a-zurigo\\\/#primaryimage\"},\"thumbnailUrl\":\"https:\\\/\\\/www.2000m2.eu\\\/wp-content\\\/uploads\\\/250517-WAZH-Eroeffnung-12.jpg\",\"articleSection\":[\"Svizzera\"],\"inLanguage\":\"it-IT\"},{\"@type\":\"WebPage\",\"@id\":\"https:\\\/\\\/www.2000m2.eu\\\/it\\\/svizzera\\\/nuovo-campo-globale-a-zurigo\\\/\",\"url\":\"https:\\\/\\\/www.2000m2.eu\\\/it\\\/svizzera\\\/nuovo-campo-globale-a-zurigo\\\/\",\"name\":\"Nuovo Campo Globale a Zurigo - 2000m2\",\"isPartOf\":{\"@id\":\"https:\\\/\\\/www.2000m2.eu\\\/it\\\/#website\"},\"primaryImageOfPage\":{\"@id\":\"https:\\\/\\\/www.2000m2.eu\\\/it\\\/svizzera\\\/nuovo-campo-globale-a-zurigo\\\/#primaryimage\"},\"image\":{\"@id\":\"https:\\\/\\\/www.2000m2.eu\\\/it\\\/svizzera\\\/nuovo-campo-globale-a-zurigo\\\/#primaryimage\"},\"thumbnailUrl\":\"https:\\\/\\\/www.2000m2.eu\\\/wp-content\\\/uploads\\\/250517-WAZH-Eroeffnung-12.jpg\",\"datePublished\":\"2025-05-20T14:01:49+00:00\",\"dateModified\":\"2025-12-01T15:29:27+00:00\",\"breadcrumb\":{\"@id\":\"https:\\\/\\\/www.2000m2.eu\\\/it\\\/svizzera\\\/nuovo-campo-globale-a-zurigo\\\/#breadcrumb\"},\"inLanguage\":\"it-IT\",\"potentialAction\":[{\"@type\":\"ReadAction\",\"target\":[\"https:\\\/\\\/www.2000m2.eu\\\/it\\\/svizzera\\\/nuovo-campo-globale-a-zurigo\\\/\"]}]},{\"@type\":\"ImageObject\",\"inLanguage\":\"it-IT\",\"@id\":\"https:\\\/\\\/www.2000m2.eu\\\/it\\\/svizzera\\\/nuovo-campo-globale-a-zurigo\\\/#primaryimage\",\"url\":\"https:\\\/\\\/www.2000m2.eu\\\/wp-content\\\/uploads\\\/250517-WAZH-Eroeffnung-12.jpg\",\"contentUrl\":\"https:\\\/\\\/www.2000m2.eu\\\/wp-content\\\/uploads\\\/250517-WAZH-Eroeffnung-12.jpg\",\"width\":1920,\"height\":1272,\"caption\":\"Die Vorstandsmitglieder von Weltacker Z\u00fcrich (v.l.: Rahel Fuchs, Simone Gabi, Barbara Holzer, Olivia Senn) an der Er\u00f6ffnungsfeier des Weltackers Z\u00fcrich, 17. Mai 2025, auf dem Huebhof in Z\u00fcrich Schwamendingen.\"},{\"@type\":\"BreadcrumbList\",\"@id\":\"https:\\\/\\\/www.2000m2.eu\\\/it\\\/svizzera\\\/nuovo-campo-globale-a-zurigo\\\/#breadcrumb\",\"itemListElement\":[{\"@type\":\"ListItem\",\"position\":1,\"name\":\"Home\",\"item\":\"https:\\\/\\\/www.2000m2.eu\\\/it\\\/\"},{\"@type\":\"ListItem\",\"position\":2,\"name\":\"Nuovo Campo Globale a Zurigo\"}]},{\"@type\":\"WebSite\",\"@id\":\"https:\\\/\\\/www.2000m2.eu\\\/it\\\/#website\",\"url\":\"https:\\\/\\\/www.2000m2.eu\\\/it\\\/\",\"name\":\"2000m2\",\"description\":\"\",\"publisher\":{\"@id\":\"https:\\\/\\\/www.2000m2.eu\\\/it\\\/#organization\"},\"potentialAction\":[{\"@type\":\"SearchAction\",\"target\":{\"@type\":\"EntryPoint\",\"urlTemplate\":\"https:\\\/\\\/www.2000m2.eu\\\/it\\\/?s={search_term_string}\"},\"query-input\":{\"@type\":\"PropertyValueSpecification\",\"valueRequired\":true,\"valueName\":\"search_term_string\"}}],\"inLanguage\":\"it-IT\"},{\"@type\":\"Organization\",\"@id\":\"https:\\\/\\\/www.2000m2.eu\\\/it\\\/#organization\",\"name\":\"2000m2\",\"url\":\"https:\\\/\\\/www.2000m2.eu\\\/it\\\/\",\"logo\":{\"@type\":\"ImageObject\",\"inLanguage\":\"it-IT\",\"@id\":\"https:\\\/\\\/www.2000m2.eu\\\/it\\\/#\\\/schema\\\/logo\\\/image\\\/\",\"url\":\"https:\\\/\\\/www.2000m2.eu\\\/wp-content\\\/uploads\\\/logo.png\",\"contentUrl\":\"https:\\\/\\\/www.2000m2.eu\\\/wp-content\\\/uploads\\\/logo.png\",\"width\":445,\"height\":140,\"caption\":\"2000m2\"},\"image\":{\"@id\":\"https:\\\/\\\/www.2000m2.eu\\\/it\\\/#\\\/schema\\\/logo\\\/image\\\/\"}},{\"@type\":\"Person\",\"@id\":\"https:\\\/\\\/www.2000m2.eu\\\/it\\\/#\\\/schema\\\/person\\\/64cef59328d1e737d639cf31a6317dbe\",\"name\":\"Niklaus Salzmann\",\"url\":\"https:\\\/\\\/www.2000m2.eu\\\/it\\\/author\\\/niklaus-salzmann\\\/\"}]}<\/script>\n<!-- \/ Yoast SEO plugin. -->","yoast_head_json":{"title":"Nuovo Campo Globale a Zurigo - 2000m2","robots":{"index":"index","follow":"follow","max-snippet":"max-snippet:-1","max-image-preview":"max-image-preview:large","max-video-preview":"max-video-preview:-1"},"canonical":"https:\/\/www.2000m2.eu\/it\/svizzera\/nuovo-campo-globale-a-zurigo\/","og_locale":"it_IT","og_type":"article","og_title":"Nuovo Campo Globale a Zurigo - 2000m2","og_description":"Sabato 17 maggio 2025, la \"stagione zero\" del Campo Globale a Zurigo ha preso il via con visite guidate alle installazioni, musica e drink....","og_url":"https:\/\/www.2000m2.eu\/it\/svizzera\/nuovo-campo-globale-a-zurigo\/","og_site_name":"2000m2","article_published_time":"2025-05-20T14:01:49+00:00","article_modified_time":"2025-12-01T15:29:27+00:00","og_image":[{"width":1920,"height":1272,"url":"https:\/\/www.2000m2.eu\/wp-content\/uploads\/250517-WAZH-Eroeffnung-12.jpg","type":"image\/jpeg"}],"author":"Niklaus Salzmann","twitter_card":"summary_large_image","twitter_misc":{"Scritto da":"Niklaus Salzmann","Tempo di lettura stimato":"2 minuti"},"schema":{"@context":"https:\/\/schema.org","@graph":[{"@type":"Article","@id":"https:\/\/www.2000m2.eu\/it\/svizzera\/nuovo-campo-globale-a-zurigo\/#article","isPartOf":{"@id":"https:\/\/www.2000m2.eu\/it\/svizzera\/nuovo-campo-globale-a-zurigo\/"},"author":{"name":"Niklaus Salzmann","@id":"https:\/\/www.2000m2.eu\/it\/#\/schema\/person\/64cef59328d1e737d639cf31a6317dbe"},"headline":"Nuovo Campo Globale a Zurigo","datePublished":"2025-05-20T14:01:49+00:00","dateModified":"2025-12-01T15:29:27+00:00","mainEntityOfPage":{"@id":"https:\/\/www.2000m2.eu\/it\/svizzera\/nuovo-campo-globale-a-zurigo\/"},"wordCount":395,"publisher":{"@id":"https:\/\/www.2000m2.eu\/it\/#organization"},"image":{"@id":"https:\/\/www.2000m2.eu\/it\/svizzera\/nuovo-campo-globale-a-zurigo\/#primaryimage"},"thumbnailUrl":"https:\/\/www.2000m2.eu\/wp-content\/uploads\/250517-WAZH-Eroeffnung-12.jpg","articleSection":["Svizzera"],"inLanguage":"it-IT"},{"@type":"WebPage","@id":"https:\/\/www.2000m2.eu\/it\/svizzera\/nuovo-campo-globale-a-zurigo\/","url":"https:\/\/www.2000m2.eu\/it\/svizzera\/nuovo-campo-globale-a-zurigo\/","name":"Nuovo Campo Globale a Zurigo - 2000m2","isPartOf":{"@id":"https:\/\/www.2000m2.eu\/it\/#website"},"primaryImageOfPage":{"@id":"https:\/\/www.2000m2.eu\/it\/svizzera\/nuovo-campo-globale-a-zurigo\/#primaryimage"},"image":{"@id":"https:\/\/www.2000m2.eu\/it\/svizzera\/nuovo-campo-globale-a-zurigo\/#primaryimage"},"thumbnailUrl":"https:\/\/www.2000m2.eu\/wp-content\/uploads\/250517-WAZH-Eroeffnung-12.jpg","datePublished":"2025-05-20T14:01:49+00:00","dateModified":"2025-12-01T15:29:27+00:00","breadcrumb":{"@id":"https:\/\/www.2000m2.eu\/it\/svizzera\/nuovo-campo-globale-a-zurigo\/#breadcrumb"},"inLanguage":"it-IT","potentialAction":[{"@type":"ReadAction","target":["https:\/\/www.2000m2.eu\/it\/svizzera\/nuovo-campo-globale-a-zurigo\/"]}]},{"@type":"ImageObject","inLanguage":"it-IT","@id":"https:\/\/www.2000m2.eu\/it\/svizzera\/nuovo-campo-globale-a-zurigo\/#primaryimage","url":"https:\/\/www.2000m2.eu\/wp-content\/uploads\/250517-WAZH-Eroeffnung-12.jpg","contentUrl":"https:\/\/www.2000m2.eu\/wp-content\/uploads\/250517-WAZH-Eroeffnung-12.jpg","width":1920,"height":1272,"caption":"Die Vorstandsmitglieder von Weltacker Z\u00fcrich (v.l.: Rahel Fuchs, Simone Gabi, Barbara Holzer, Olivia Senn) an der Er\u00f6ffnungsfeier des Weltackers Z\u00fcrich, 17. Mai 2025, auf dem Huebhof in Z\u00fcrich Schwamendingen."},{"@type":"BreadcrumbList","@id":"https:\/\/www.2000m2.eu\/it\/svizzera\/nuovo-campo-globale-a-zurigo\/#breadcrumb","itemListElement":[{"@type":"ListItem","position":1,"name":"Home","item":"https:\/\/www.2000m2.eu\/it\/"},{"@type":"ListItem","position":2,"name":"Nuovo Campo Globale a Zurigo"}]},{"@type":"WebSite","@id":"https:\/\/www.2000m2.eu\/it\/#website","url":"https:\/\/www.2000m2.eu\/it\/","name":"2000m2","description":"","publisher":{"@id":"https:\/\/www.2000m2.eu\/it\/#organization"},"potentialAction":[{"@type":"SearchAction","target":{"@type":"EntryPoint","urlTemplate":"https:\/\/www.2000m2.eu\/it\/?s={search_term_string}"},"query-input":{"@type":"PropertyValueSpecification","valueRequired":true,"valueName":"search_term_string"}}],"inLanguage":"it-IT"},{"@type":"Organization","@id":"https:\/\/www.2000m2.eu\/it\/#organization","name":"2000m2","url":"https:\/\/www.2000m2.eu\/it\/","logo":{"@type":"ImageObject","inLanguage":"it-IT","@id":"https:\/\/www.2000m2.eu\/it\/#\/schema\/logo\/image\/","url":"https:\/\/www.2000m2.eu\/wp-content\/uploads\/logo.png","contentUrl":"https:\/\/www.2000m2.eu\/wp-content\/uploads\/logo.png","width":445,"height":140,"caption":"2000m2"},"image":{"@id":"https:\/\/www.2000m2.eu\/it\/#\/schema\/logo\/image\/"}},{"@type":"Person","@id":"https:\/\/www.2000m2.eu\/it\/#\/schema\/person\/64cef59328d1e737d639cf31a6317dbe","name":"Niklaus Salzmann","url":"https:\/\/www.2000m2.eu\/it\/author\/niklaus-salzmann\/"}]}},"_links":{"self":[{"href":"https:\/\/www.2000m2.eu\/it\/wp-json\/wp\/v2\/posts\/25476","targetHints":{"allow":["GET"]}}],"collection":[{"href":"https:\/\/www.2000m2.eu\/it\/wp-json\/wp\/v2\/posts"}],"about":[{"href":"https:\/\/www.2000m2.eu\/it\/wp-json\/wp\/v2\/types\/post"}],"author":[{"embeddable":true,"href":"https:\/\/www.2000m2.eu\/it\/wp-json\/wp\/v2\/users\/7"}],"replies":[{"embeddable":true,"href":"https:\/\/www.2000m2.eu\/it\/wp-json\/wp\/v2\/comments?post=25476"}],"version-history":[{"count":1,"href":"https:\/\/www.2000m2.eu\/it\/wp-json\/wp\/v2\/posts\/25476\/revisions"}],"predecessor-version":[{"id":25477,"href":"https:\/\/www.2000m2.eu\/it\/wp-json\/wp\/v2\/posts\/25476\/revisions\/25477"}],"wp:featuredmedia":[{"embeddable":true,"href":"https:\/\/www.2000m2.eu\/it\/wp-json\/wp\/v2\/media\/23897"}],"wp:attachment":[{"href":"https:\/\/www.2000m2.eu\/it\/wp-json\/wp\/v2\/media?parent=25476"}],"wp:term":[{"taxonomy":"category","embeddable":true,"href":"https:\/\/www.2000m2.eu\/it\/wp-json\/wp\/v2\/categories?post=25476"},{"taxonomy":"post_tag","embeddable":true,"href":"https:\/\/www.2000m2.eu\/it\/wp-json\/wp\/v2\/tags?post=25476"}],"curies":[{"name":"wp","href":"https:\/\/api.w.org\/{rel}","templated":true}]}}