{"id":25480,"date":"2023-08-30T16:02:00","date_gmt":"2023-08-30T16:02:00","guid":{"rendered":"https:\/\/www.2000m2.eu\/senza-categoria\/nuovo-direttore-generale\/"},"modified":"2025-12-01T15:32:28","modified_gmt":"2025-12-01T15:32:28","slug":"nuovo-direttore-generale","status":"publish","type":"post","link":"https:\/\/www.2000m2.eu\/it\/svizzera\/nuovo-direttore-generale\/","title":{"rendered":"Nuovo direttore generale"},"content":{"rendered":"\n<h1 class=\"wp-block-heading\">St\u00e9phanie W\u00fcrth assume la direzione<\/h1>\n\n<p><br\/><\/p>\n\n<figure class=\"wp-block-image size-full\"><img decoding=\"async\" width=\"768\" height=\"512\" src=\"https:\/\/www.2000m2.eu\/wp-content\/uploads\/002-Stephanie-Wuerth_MarcoFinsterwaldFotografie_A7V5739-768x512-1.jpg\" alt=\"St&#xE9;phanie W&#xFC;rth si trova davanti a un rigoglioso campo di ortaggi.\" class=\"wp-image-2323\" srcset=\"https:\/\/www.2000m2.eu\/wp-content\/uploads\/002-Stephanie-Wuerth_MarcoFinsterwaldFotografie_A7V5739-768x512-1.jpg 768w, https:\/\/www.2000m2.eu\/wp-content\/uploads\/002-Stephanie-Wuerth_MarcoFinsterwaldFotografie_A7V5739-768x512-1-300x200.jpg 300w, https:\/\/www.2000m2.eu\/wp-content\/uploads\/002-Stephanie-Wuerth_MarcoFinsterwaldFotografie_A7V5739-768x512-1-450x300.jpg 450w\" sizes=\"(max-width: 768px) 100vw, 768px\" \/><\/figure>\n\n<p><\/p>\n\n<p><strong>Weltacker Svizzera \u00e8 lieta di annunciare la nomina di St\u00e9phanie W\u00fcrth al nuovo ruolo di Direttore Generale a partire dal 1\u00b0 settembre 2023. Grazie al suo background e alla sua esperienza nel campo della promozione della ricerca e dell&#8217;agricoltura, St\u00e9pahnie W\u00fcrth apporta esattamente le competenze che aiuteranno Weltacker Svizzera a sostenere i partner di attuazione svizzeri, le attivit\u00e0 di comunicazione e la rete nazionale e internazionale di Weltacker. <\/strong><\/p>\n\n<p><br\/>Weltacker Svizzera d\u00e0 il benvenuto al suo nuovo Direttore Generale St\u00e9phanie W\u00fcrth, che assumer\u00e0 ufficialmente il suo ruolo il 1\u00b0 settembre 2023. Dopo aver lavorato per undici anni presso il Fondo Nazionale Svizzero per la Ricerca Scientifica (FNS) come assistente di ricerca nel dipartimento di strategia, negli ultimi sei mesi ha svolto uno stage come giardiniera presso Artha Samen AG. St\u00e9phanie W\u00fcrth \u00e8 stata anche coinvolta nel progetto di agricoltura solidale &#8220;Mis Gm\u00fces&#8221; a M\u00fcnsingen per cinque anni, di cui quattro anni nel consiglio di amministrazione.    <br\/>St\u00e9phanie W\u00fcrth \u00e8 entusiasta del suo nuovo ruolo: &#8220;Non vedo l&#8217;ora di lavorare con il team e i partner di attuazione per promuovere un&#8217;alimentazione giusta e sana e mezzi di sussistenza sani, in linea con il Rapporto sull&#8217;Agricoltura Mondiale e la Dieta per la Salute Planetaria.&#8221;<\/p>\n\n<p><br\/>I compiti principali della 32enne di Weltacker Svizzera includono il supporto ai partner di implementazione esistenti a Nuglar, Attiswil e Berna, l&#8217;intensificazione delle attivit\u00e0 di comunicazione e l&#8217;assistenza alla creazione della rete internazionale di Weltacker. A medio termine, \u00e8 anche responsabile dell&#8217;acquisizione di nuovi partner di implementazione e della creazione di ulteriori progetti Weltacker in Svizzera.   <\/p>\n\n<p><br\/>Tutto il team di Weltacker Svizzera non vede l&#8217;ora di intraprendere insieme questa prossima fase di sviluppo e augura a St\u00e9phanie W\u00fcrth tutto il meglio, tanto divertimento, incontri emozionanti e un lavoro efficace!<\/p>\n\n<p><br\/>Un caloroso benvenuto!<\/p>\n\n<p><\/p>\n","protected":false},"excerpt":{"rendered":"<p>Weltacker Svizzera \u00e8 lieta di annunciare la nomina di St\u00e9phanie W\u00fcrth al nuovo ruolo di Direttore Generale a partire dal 1\u00b0 settembre 2023. Grazie al suo background e alla sua esperienza nel campo della promozione della ricerca e dell&#8217;agricoltura, St\u00e9pahnie W\u00fcrth apporta esattamente le competenze che aiuteranno Weltacker Svizzera a sostenere i partner di attuazione svizzeri, le attivit\u00e0 di comunicazione e la rete nazionale e internazionale di Weltacker. &#8230;<\/p>\n","protected":false},"author":2,"featured_media":23475,"comment_status":"closed","ping_status":"open","sticky":false,"template":"","format":"standard","meta":{"footnotes":""},"categories":[297],"tags":[],"class_list":["post-25480","post","type-post","status-publish","format-standard","has-post-thumbnail","hentry","category-svizzera"],"yoast_head":"<!-- This site is optimized with the Yoast SEO plugin v27.4 - https:\/\/yoast.com\/product\/yoast-seo-wordpress\/ -->\n<title>Nuovo direttore generale - 2000m2<\/title>\n<meta name=\"robots\" content=\"index, follow, max-snippet:-1, max-image-preview:large, max-video-preview:-1\" \/>\n<link rel=\"canonical\" href=\"https:\/\/www.2000m2.eu\/it\/svizzera\/nuovo-direttore-generale\/\" \/>\n<meta property=\"og:locale\" content=\"it_IT\" \/>\n<meta property=\"og:type\" content=\"article\" \/>\n<meta property=\"og:title\" content=\"Nuovo direttore generale - 2000m2\" \/>\n<meta property=\"og:description\" content=\"Weltacker Svizzera \u00e8 lieta di annunciare la nomina di St\u00e9phanie W\u00fcrth al nuovo ruolo di Direttore Generale a partire dal 1\u00b0 settembre 2023. Grazie al suo background e alla sua esperienza nel campo della promozione della ricerca e dell&#039;agricoltura, St\u00e9pahnie W\u00fcrth apporta esattamente le competenze che aiuteranno Weltacker Svizzera a sostenere i partner di attuazione svizzeri, le attivit\u00e0 di comunicazione e la rete nazionale e internazionale di Weltacker. ...\" \/>\n<meta property=\"og:url\" content=\"https:\/\/www.2000m2.eu\/it\/svizzera\/nuovo-direttore-generale\/\" \/>\n<meta property=\"og:site_name\" content=\"2000m2\" \/>\n<meta property=\"article:published_time\" content=\"2023-08-30T16:02:00+00:00\" \/>\n<meta property=\"article:modified_time\" content=\"2025-12-01T15:32:28+00:00\" \/>\n<meta property=\"og:image\" content=\"https:\/\/www.2000m2.eu\/wp-content\/uploads\/002-Stephanie-Wuerth_MarcoFinsterwaldFotografie_A7V5739-768x512-1.jpg\" \/>\n\t<meta property=\"og:image:width\" content=\"768\" \/>\n\t<meta property=\"og:image:height\" content=\"512\" \/>\n\t<meta property=\"og:image:type\" content=\"image\/jpeg\" \/>\n<meta name=\"author\" content=\"Andrea Spiess\" \/>\n<meta name=\"twitter:card\" content=\"summary_large_image\" \/>\n<meta name=\"twitter:label1\" content=\"Scritto da\" \/>\n\t<meta name=\"twitter:data1\" content=\"Andrea Spiess\" \/>\n\t<meta name=\"twitter:label2\" content=\"Tempo di lettura stimato\" \/>\n\t<meta name=\"twitter:data2\" content=\"2 minuti\" \/>\n<script type=\"application\/ld+json\" class=\"yoast-schema-graph\">{\"@context\":\"https:\\\/\\\/schema.org\",\"@graph\":[{\"@type\":\"Article\",\"@id\":\"https:\\\/\\\/www.2000m2.eu\\\/it\\\/svizzera\\\/nuovo-direttore-generale\\\/#article\",\"isPartOf\":{\"@id\":\"https:\\\/\\\/www.2000m2.eu\\\/it\\\/svizzera\\\/nuovo-direttore-generale\\\/\"},\"author\":{\"name\":\"Andrea Spiess\",\"@id\":\"https:\\\/\\\/www.2000m2.eu\\\/it\\\/#\\\/schema\\\/person\\\/7a256e97a817e44925e963b5608d2f0f\"},\"headline\":\"Nuovo direttore generale\",\"datePublished\":\"2023-08-30T16:02:00+00:00\",\"dateModified\":\"2025-12-01T15:32:28+00:00\",\"mainEntityOfPage\":{\"@id\":\"https:\\\/\\\/www.2000m2.eu\\\/it\\\/svizzera\\\/nuovo-direttore-generale\\\/\"},\"wordCount\":316,\"publisher\":{\"@id\":\"https:\\\/\\\/www.2000m2.eu\\\/it\\\/#organization\"},\"image\":{\"@id\":\"https:\\\/\\\/www.2000m2.eu\\\/it\\\/svizzera\\\/nuovo-direttore-generale\\\/#primaryimage\"},\"thumbnailUrl\":\"https:\\\/\\\/www.2000m2.eu\\\/wp-content\\\/uploads\\\/002-Stephanie-Wuerth_MarcoFinsterwaldFotografie_A7V5739-768x512-1.jpg\",\"articleSection\":[\"Svizzera\"],\"inLanguage\":\"it-IT\"},{\"@type\":\"WebPage\",\"@id\":\"https:\\\/\\\/www.2000m2.eu\\\/it\\\/svizzera\\\/nuovo-direttore-generale\\\/\",\"url\":\"https:\\\/\\\/www.2000m2.eu\\\/it\\\/svizzera\\\/nuovo-direttore-generale\\\/\",\"name\":\"Nuovo direttore generale - 2000m2\",\"isPartOf\":{\"@id\":\"https:\\\/\\\/www.2000m2.eu\\\/it\\\/#website\"},\"primaryImageOfPage\":{\"@id\":\"https:\\\/\\\/www.2000m2.eu\\\/it\\\/svizzera\\\/nuovo-direttore-generale\\\/#primaryimage\"},\"image\":{\"@id\":\"https:\\\/\\\/www.2000m2.eu\\\/it\\\/svizzera\\\/nuovo-direttore-generale\\\/#primaryimage\"},\"thumbnailUrl\":\"https:\\\/\\\/www.2000m2.eu\\\/wp-content\\\/uploads\\\/002-Stephanie-Wuerth_MarcoFinsterwaldFotografie_A7V5739-768x512-1.jpg\",\"datePublished\":\"2023-08-30T16:02:00+00:00\",\"dateModified\":\"2025-12-01T15:32:28+00:00\",\"breadcrumb\":{\"@id\":\"https:\\\/\\\/www.2000m2.eu\\\/it\\\/svizzera\\\/nuovo-direttore-generale\\\/#breadcrumb\"},\"inLanguage\":\"it-IT\",\"potentialAction\":[{\"@type\":\"ReadAction\",\"target\":[\"https:\\\/\\\/www.2000m2.eu\\\/it\\\/svizzera\\\/nuovo-direttore-generale\\\/\"]}]},{\"@type\":\"ImageObject\",\"inLanguage\":\"it-IT\",\"@id\":\"https:\\\/\\\/www.2000m2.eu\\\/it\\\/svizzera\\\/nuovo-direttore-generale\\\/#primaryimage\",\"url\":\"https:\\\/\\\/www.2000m2.eu\\\/wp-content\\\/uploads\\\/002-Stephanie-Wuerth_MarcoFinsterwaldFotografie_A7V5739-768x512-1.jpg\",\"contentUrl\":\"https:\\\/\\\/www.2000m2.eu\\\/wp-content\\\/uploads\\\/002-Stephanie-Wuerth_MarcoFinsterwaldFotografie_A7V5739-768x512-1.jpg\",\"width\":768,\"height\":512},{\"@type\":\"BreadcrumbList\",\"@id\":\"https:\\\/\\\/www.2000m2.eu\\\/it\\\/svizzera\\\/nuovo-direttore-generale\\\/#breadcrumb\",\"itemListElement\":[{\"@type\":\"ListItem\",\"position\":1,\"name\":\"Home\",\"item\":\"https:\\\/\\\/www.2000m2.eu\\\/it\\\/\"},{\"@type\":\"ListItem\",\"position\":2,\"name\":\"Nuovo direttore generale\"}]},{\"@type\":\"WebSite\",\"@id\":\"https:\\\/\\\/www.2000m2.eu\\\/it\\\/#website\",\"url\":\"https:\\\/\\\/www.2000m2.eu\\\/it\\\/\",\"name\":\"2000m2\",\"description\":\"\",\"publisher\":{\"@id\":\"https:\\\/\\\/www.2000m2.eu\\\/it\\\/#organization\"},\"potentialAction\":[{\"@type\":\"SearchAction\",\"target\":{\"@type\":\"EntryPoint\",\"urlTemplate\":\"https:\\\/\\\/www.2000m2.eu\\\/it\\\/?s={search_term_string}\"},\"query-input\":{\"@type\":\"PropertyValueSpecification\",\"valueRequired\":true,\"valueName\":\"search_term_string\"}}],\"inLanguage\":\"it-IT\"},{\"@type\":\"Organization\",\"@id\":\"https:\\\/\\\/www.2000m2.eu\\\/it\\\/#organization\",\"name\":\"2000m2\",\"url\":\"https:\\\/\\\/www.2000m2.eu\\\/it\\\/\",\"logo\":{\"@type\":\"ImageObject\",\"inLanguage\":\"it-IT\",\"@id\":\"https:\\\/\\\/www.2000m2.eu\\\/it\\\/#\\\/schema\\\/logo\\\/image\\\/\",\"url\":\"https:\\\/\\\/www.2000m2.eu\\\/wp-content\\\/uploads\\\/logo.png\",\"contentUrl\":\"https:\\\/\\\/www.2000m2.eu\\\/wp-content\\\/uploads\\\/logo.png\",\"width\":445,\"height\":140,\"caption\":\"2000m2\"},\"image\":{\"@id\":\"https:\\\/\\\/www.2000m2.eu\\\/it\\\/#\\\/schema\\\/logo\\\/image\\\/\"}},{\"@type\":\"Person\",\"@id\":\"https:\\\/\\\/www.2000m2.eu\\\/it\\\/#\\\/schema\\\/person\\\/7a256e97a817e44925e963b5608d2f0f\",\"name\":\"Andrea Spiess\",\"url\":\"https:\\\/\\\/www.2000m2.eu\\\/it\\\/author\\\/andrea-spiess\\\/\"}]}<\/script>\n<!-- \/ Yoast SEO plugin. -->","yoast_head_json":{"title":"Nuovo direttore generale - 2000m2","robots":{"index":"index","follow":"follow","max-snippet":"max-snippet:-1","max-image-preview":"max-image-preview:large","max-video-preview":"max-video-preview:-1"},"canonical":"https:\/\/www.2000m2.eu\/it\/svizzera\/nuovo-direttore-generale\/","og_locale":"it_IT","og_type":"article","og_title":"Nuovo direttore generale - 2000m2","og_description":"Weltacker Svizzera \u00e8 lieta di annunciare la nomina di St\u00e9phanie W\u00fcrth al nuovo ruolo di Direttore Generale a partire dal 1\u00b0 settembre 2023. Grazie al suo background e alla sua esperienza nel campo della promozione della ricerca e dell'agricoltura, St\u00e9pahnie W\u00fcrth apporta esattamente le competenze che aiuteranno Weltacker Svizzera a sostenere i partner di attuazione svizzeri, le attivit\u00e0 di comunicazione e la rete nazionale e internazionale di Weltacker. ...","og_url":"https:\/\/www.2000m2.eu\/it\/svizzera\/nuovo-direttore-generale\/","og_site_name":"2000m2","article_published_time":"2023-08-30T16:02:00+00:00","article_modified_time":"2025-12-01T15:32:28+00:00","og_image":[{"width":768,"height":512,"url":"https:\/\/www.2000m2.eu\/wp-content\/uploads\/002-Stephanie-Wuerth_MarcoFinsterwaldFotografie_A7V5739-768x512-1.jpg","type":"image\/jpeg"}],"author":"Andrea Spiess","twitter_card":"summary_large_image","twitter_misc":{"Scritto da":"Andrea Spiess","Tempo di lettura stimato":"2 minuti"},"schema":{"@context":"https:\/\/schema.org","@graph":[{"@type":"Article","@id":"https:\/\/www.2000m2.eu\/it\/svizzera\/nuovo-direttore-generale\/#article","isPartOf":{"@id":"https:\/\/www.2000m2.eu\/it\/svizzera\/nuovo-direttore-generale\/"},"author":{"name":"Andrea Spiess","@id":"https:\/\/www.2000m2.eu\/it\/#\/schema\/person\/7a256e97a817e44925e963b5608d2f0f"},"headline":"Nuovo direttore generale","datePublished":"2023-08-30T16:02:00+00:00","dateModified":"2025-12-01T15:32:28+00:00","mainEntityOfPage":{"@id":"https:\/\/www.2000m2.eu\/it\/svizzera\/nuovo-direttore-generale\/"},"wordCount":316,"publisher":{"@id":"https:\/\/www.2000m2.eu\/it\/#organization"},"image":{"@id":"https:\/\/www.2000m2.eu\/it\/svizzera\/nuovo-direttore-generale\/#primaryimage"},"thumbnailUrl":"https:\/\/www.2000m2.eu\/wp-content\/uploads\/002-Stephanie-Wuerth_MarcoFinsterwaldFotografie_A7V5739-768x512-1.jpg","articleSection":["Svizzera"],"inLanguage":"it-IT"},{"@type":"WebPage","@id":"https:\/\/www.2000m2.eu\/it\/svizzera\/nuovo-direttore-generale\/","url":"https:\/\/www.2000m2.eu\/it\/svizzera\/nuovo-direttore-generale\/","name":"Nuovo direttore generale - 2000m2","isPartOf":{"@id":"https:\/\/www.2000m2.eu\/it\/#website"},"primaryImageOfPage":{"@id":"https:\/\/www.2000m2.eu\/it\/svizzera\/nuovo-direttore-generale\/#primaryimage"},"image":{"@id":"https:\/\/www.2000m2.eu\/it\/svizzera\/nuovo-direttore-generale\/#primaryimage"},"thumbnailUrl":"https:\/\/www.2000m2.eu\/wp-content\/uploads\/002-Stephanie-Wuerth_MarcoFinsterwaldFotografie_A7V5739-768x512-1.jpg","datePublished":"2023-08-30T16:02:00+00:00","dateModified":"2025-12-01T15:32:28+00:00","breadcrumb":{"@id":"https:\/\/www.2000m2.eu\/it\/svizzera\/nuovo-direttore-generale\/#breadcrumb"},"inLanguage":"it-IT","potentialAction":[{"@type":"ReadAction","target":["https:\/\/www.2000m2.eu\/it\/svizzera\/nuovo-direttore-generale\/"]}]},{"@type":"ImageObject","inLanguage":"it-IT","@id":"https:\/\/www.2000m2.eu\/it\/svizzera\/nuovo-direttore-generale\/#primaryimage","url":"https:\/\/www.2000m2.eu\/wp-content\/uploads\/002-Stephanie-Wuerth_MarcoFinsterwaldFotografie_A7V5739-768x512-1.jpg","contentUrl":"https:\/\/www.2000m2.eu\/wp-content\/uploads\/002-Stephanie-Wuerth_MarcoFinsterwaldFotografie_A7V5739-768x512-1.jpg","width":768,"height":512},{"@type":"BreadcrumbList","@id":"https:\/\/www.2000m2.eu\/it\/svizzera\/nuovo-direttore-generale\/#breadcrumb","itemListElement":[{"@type":"ListItem","position":1,"name":"Home","item":"https:\/\/www.2000m2.eu\/it\/"},{"@type":"ListItem","position":2,"name":"Nuovo direttore generale"}]},{"@type":"WebSite","@id":"https:\/\/www.2000m2.eu\/it\/#website","url":"https:\/\/www.2000m2.eu\/it\/","name":"2000m2","description":"","publisher":{"@id":"https:\/\/www.2000m2.eu\/it\/#organization"},"potentialAction":[{"@type":"SearchAction","target":{"@type":"EntryPoint","urlTemplate":"https:\/\/www.2000m2.eu\/it\/?s={search_term_string}"},"query-input":{"@type":"PropertyValueSpecification","valueRequired":true,"valueName":"search_term_string"}}],"inLanguage":"it-IT"},{"@type":"Organization","@id":"https:\/\/www.2000m2.eu\/it\/#organization","name":"2000m2","url":"https:\/\/www.2000m2.eu\/it\/","logo":{"@type":"ImageObject","inLanguage":"it-IT","@id":"https:\/\/www.2000m2.eu\/it\/#\/schema\/logo\/image\/","url":"https:\/\/www.2000m2.eu\/wp-content\/uploads\/logo.png","contentUrl":"https:\/\/www.2000m2.eu\/wp-content\/uploads\/logo.png","width":445,"height":140,"caption":"2000m2"},"image":{"@id":"https:\/\/www.2000m2.eu\/it\/#\/schema\/logo\/image\/"}},{"@type":"Person","@id":"https:\/\/www.2000m2.eu\/it\/#\/schema\/person\/7a256e97a817e44925e963b5608d2f0f","name":"Andrea Spiess","url":"https:\/\/www.2000m2.eu\/it\/author\/andrea-spiess\/"}]}},"_links":{"self":[{"href":"https:\/\/www.2000m2.eu\/it\/wp-json\/wp\/v2\/posts\/25480","targetHints":{"allow":["GET"]}}],"collection":[{"href":"https:\/\/www.2000m2.eu\/it\/wp-json\/wp\/v2\/posts"}],"about":[{"href":"https:\/\/www.2000m2.eu\/it\/wp-json\/wp\/v2\/types\/post"}],"author":[{"embeddable":true,"href":"https:\/\/www.2000m2.eu\/it\/wp-json\/wp\/v2\/users\/2"}],"replies":[{"embeddable":true,"href":"https:\/\/www.2000m2.eu\/it\/wp-json\/wp\/v2\/comments?post=25480"}],"version-history":[{"count":1,"href":"https:\/\/www.2000m2.eu\/it\/wp-json\/wp\/v2\/posts\/25480\/revisions"}],"predecessor-version":[{"id":25481,"href":"https:\/\/www.2000m2.eu\/it\/wp-json\/wp\/v2\/posts\/25480\/revisions\/25481"}],"wp:featuredmedia":[{"embeddable":true,"href":"https:\/\/www.2000m2.eu\/it\/wp-json\/wp\/v2\/media\/23475"}],"wp:attachment":[{"href":"https:\/\/www.2000m2.eu\/it\/wp-json\/wp\/v2\/media?parent=25480"}],"wp:term":[{"taxonomy":"category","embeddable":true,"href":"https:\/\/www.2000m2.eu\/it\/wp-json\/wp\/v2\/categories?post=25480"},{"taxonomy":"post_tag","embeddable":true,"href":"https:\/\/www.2000m2.eu\/it\/wp-json\/wp\/v2\/tags?post=25480"}],"curies":[{"name":"wp","href":"https:\/\/api.w.org\/{rel}","templated":true}]}}