{"id":25578,"date":"2025-04-15T07:41:31","date_gmt":"2025-04-15T07:41:31","guid":{"rendered":"https:\/\/www.2000m2.eu\/senza-categoria\/come-creare-weltacker\/"},"modified":"2025-12-03T13:48:21","modified_gmt":"2025-12-03T13:48:21","slug":"come-creare-weltacker","status":"publish","type":"post","link":"https:\/\/www.2000m2.eu\/it\/senza-categoria\/come-creare-weltacker\/","title":{"rendered":"&#8220;Come creare Weltacker&#8221;"},"content":{"rendered":"\n<h1 class=\"wp-block-heading\">&#8220;Come creare Weltacker&#8221; <\/h1>\n\n<p><\/p>\n<style>.wp-block-kadence-column.kb-section-dir-horizontal > .kt-inside-inner-col > .kt-info-box7560_e93ec0-d7 .kt-blocks-info-box-link-wrap{max-width:unset;}.kt-info-box7560_e93ec0-d7 .kt-blocks-info-box-link-wrap{border-top-left-radius:15px;border-top-right-radius:15px;border-bottom-right-radius:15px;border-bottom-left-radius:15px;background:var(--accent-4);padding-top:var(--global-kb-spacing-xs, 1rem);padding-right:var(--global-kb-spacing-xs, 1rem);padding-bottom:var(--global-kb-spacing-xs, 1rem);padding-left:var(--global-kb-spacing-xs, 1rem);}.kt-info-box7560_e93ec0-d7 .kadence-info-box-icon-container .kt-info-svg-icon, .kt-info-box7560_e93ec0-d7 .kt-info-svg-icon-flip, .kt-info-box7560_e93ec0-d7 .kt-blocks-info-box-number{font-size:50px;}.kt-info-box7560_e93ec0-d7 .kt-blocks-info-box-media{border-top-width:0px;border-right-width:0px;border-bottom-width:0px;border-left-width:0px;padding-top:10px;padding-right:10px;padding-bottom:10px;padding-left:10px;margin-top:0px;margin-right:15px;margin-bottom:0px;margin-left:15px;}.kt-info-box7560_e93ec0-d7 .kt-infobox-textcontent .kt-blocks-info-box-text{color:var(--contrast);}.kt-info-box7560_e93ec0-d7 .kt-blocks-info-box-learnmore{background:transparent;border-width:0px 0px 0px 0px;padding-top:4px;padding-right:8px;padding-bottom:4px;padding-left:8px;margin-top:10px;margin-right:0px;margin-bottom:10px;margin-left:0px;}@media all and (max-width: 767px){.kt-info-box7560_e93ec0-d7 .kt-blocks-info-box-link-wrap{display:block;}.kt-info-box7560_e93ec0-d7 .kt-blocks-info-box-link-wrap .kt-blocks-info-box-media{display:inline-block;max-width:100%;}}<\/style>\n<div class=\"wp-block-kadence-infobox kt-info-box7560_e93ec0-d7\"><span class=\"kt-blocks-info-box-link-wrap info-box-link kt-blocks-info-box-media-align-left kt-info-halign-left kb-info-box-vertical-media-align-top\"><div class=\"kt-blocks-info-box-media-container\"><div class=\"kt-blocks-info-box-media kt-info-media-animate-none\"><div class=\"kadence-info-box-icon-container kt-info-icon-animate-none\"><div class=\"kadence-info-box-icon-inner-container\"><span class=\"kb-svg-icon-wrap kb-svg-icon-fas_info-circle kt-info-svg-icon\"><svg viewBox=\"0 0 512 512\"  fill=\"currentColor\" xmlns=\"http:\/\/www.w3.org\/2000\/svg\"  aria-hidden=\"true\"><path d=\"M256 8C119.043 8 8 119.083 8 256c0 136.997 111.043 248 248 248s248-111.003 248-248C504 119.083 392.957 8 256 8zm0 110c23.196 0 42 18.804 42 42s-18.804 42-42 42-42-18.804-42-42 18.804-42 42-42zm56 254c0 6.627-5.373 12-12 12h-88c-6.627 0-12-5.373-12-12v-24c0-6.627 5.373-12 12-12h12v-64h-12c-6.627 0-12-5.373-12-12v-24c0-6.627 5.373-12 12-12h64c6.627 0 12 5.373 12 12v100h12c6.627 0 12 5.373 12 12v24z\"\/><\/svg><\/span><\/div><\/div><\/div><\/div><div class=\"kt-infobox-textcontent\"><h2 class=\"kt-blocks-info-box-title\">L&#8217;evento \u00e8 al completo!<\/h2><p class=\"kt-blocks-info-box-text\">Se vuoi partecipare, contattaci. Se si dovessero liberare dei posti, sarai invitat* a partecipare.  <\/p><\/div><\/span><\/div>\n\n<p>Il 18 e 19 settembre ti invitiamo a partecipare a un corso di formazione Weltacker\u00ae a Berlino. Qui potrai imparare le basi della creazione di un Campo Globale e fare rete con altre comunit\u00e0, citt\u00e0 e iniziative che desiderano entrare a far parte della nostra rete di Campi Globali. Potrai incontrare agricoltori impegnati ed esperti, conoscere i programmi di formazione, scoprire cosa serve a un Weltacker\u00ae e quali sono le opzioni di finanziamento disponibili.     <\/p>\n\n<p>Questa formazione \u00e8 rivolta ai dipendenti e ai rappresentanti di comuni, citt\u00e0 e distretti, nonch\u00e9 a iniziative, associazioni e altre parti interessate che stanno valutando la possibilit\u00e0 di creare un Weltacker. Iscriviti all&#8217;evento su questa pagina. <\/p>\n\n<div class=\"wp-block-columns is-layout-flex wp-container-core-columns-is-layout-28f84493 wp-block-columns-is-layout-flex\">\n<div class=\"wp-block-column is-layout-flow wp-block-column-is-layout-flow\">\n<figure class=\"wp-block-image size-full\"><img decoding=\"async\" width=\"640\" height=\"480\" src=\"https:\/\/www.2000m2.eu\/wp-content\/uploads\/WAAT-Ausblick-in-die-Schweizer-Berge.jpg\" alt=\"Vista del Campo Globale di Attiswil con il paesaggio svizzero sullo sfondo.\" class=\"wp-image-1717\" style=\"aspect-ratio:3\/2;object-fit:cover\" srcset=\"https:\/\/www.2000m2.eu\/wp-content\/uploads\/WAAT-Ausblick-in-die-Schweizer-Berge.jpg 640w, https:\/\/www.2000m2.eu\/wp-content\/uploads\/WAAT-Ausblick-in-die-Schweizer-Berge-300x225.jpg 300w\" sizes=\"(max-width: 640px) 100vw, 640px\" \/><figcaption class=\"wp-element-caption\">Un Campo Globale di 2000 m\u00b2: presto sar\u00e0 anche da te? <\/figcaption><\/figure>\n<\/div>\n\n\n\n<div class=\"wp-block-column is-layout-flow wp-block-column-is-layout-flow\">\n<figure class=\"wp-block-image size-large\"><img decoding=\"async\" width=\"1024\" height=\"683\" src=\"https:\/\/www.2000m2.eu\/wp-content\/uploads\/2022_Erntefest_Volker-Gehrmann-2-1-min-1-1024x683.jpg\" alt=\"Un gruppo di adulti si trova sui sentieri del Campo Globale e ascolta un relatore educativo. Nei campi spuntano diverse piante.  \" class=\"wp-image-916\" style=\"aspect-ratio:3\/2;object-fit:cover\" srcset=\"https:\/\/www.2000m2.eu\/wp-content\/uploads\/2022_Erntefest_Volker-Gehrmann-2-1-min-1-1024x683.jpg 1024w, https:\/\/www.2000m2.eu\/wp-content\/uploads\/2022_Erntefest_Volker-Gehrmann-2-1-min-1-300x200.jpg 300w, https:\/\/www.2000m2.eu\/wp-content\/uploads\/2022_Erntefest_Volker-Gehrmann-2-1-min-1-768x512.jpg 768w, https:\/\/www.2000m2.eu\/wp-content\/uploads\/2022_Erntefest_Volker-Gehrmann-2-1-min-1-1536x1024.jpg 1536w, https:\/\/www.2000m2.eu\/wp-content\/uploads\/2022_Erntefest_Volker-Gehrmann-2-1-min-1-450x300.jpg 450w, https:\/\/www.2000m2.eu\/wp-content\/uploads\/2022_Erntefest_Volker-Gehrmann-2-1-min-1.jpg 1920w\" sizes=\"(max-width: 1024px) 100vw, 1024px\" \/><\/figure>\n<\/div>\n<\/div>\n\n<h2 class=\"wp-block-heading\">Programma<\/h2>\n\n<p>Ci incontreremo gioved\u00ec 18 settembre 2025 a partire dalle ore 9.00 nel centro di Berlino presso il centro culturale ed educativo <a href=\"https:\/\/www.berlin.de\/ba-pankow\/politik-und-verwaltung\/aemter\/amt-fuer-weiterbildung-und-kultur\/kooperative-standorte\/kultur-und-bildungszentrum-sebastian-haffner\/\">Sebastian Haffner<\/a>. Qui potrai aspettarti numerosi input sulle offerte educative, sui finanziamenti e sull&#8217;organizzazione di un Campo Globale durante tutta la giornata.  <\/p>\n\n<p>Venerd\u00ec 19 settembre 2025, offriamo un altro scambio al <a href=\"https:\/\/maps.app.goo.gl\/1i5pcvRgRnaYiof3A\">Weltacker di Berlino<\/a> al mattino. Vivi in prima persona l&#8217;esperienza di Weltacker.  <\/p>\n\n<p>Sabato sei ancora a Berlino? Allora sei cordialmente invitato a visitare il <g id=\"gid_0\">festival del raccolto di Weltacker Berlin e.V.<\/g>. Si svolge dalle 14:00 alle 18:00.    <\/p>\n\n<p>Puoi trovare il programma completo qui:<\/p>\n\n<div data-wp-interactive=\"core\/file\" class=\"wp-block-file\"><object data-wp-bind--hidden=\"!state.hasPdfPreview\" hidden class=\"wp-block-file__embed\" data=\"https:\/\/www.2000m2.eu\/wp-content\/uploads\/Programm_Weltackerschulung.pdf\" type=\"application\/pdf\" style=\"width:100%;height:200px\" aria-label=\"Incorporamento di Programm_Weltackerschulung.\"><\/object><a id=\"wp-block-file--media-8ba00b19-4f9c-463e-bad9-dfa6a73033bf\" href=\"https:\/\/www.2000m2.eu\/wp-content\/uploads\/Programm_Weltackerschulung.pdf\">Programma_Formazione mondiale sulle cucitrici<\/a><a href=\"https:\/\/www.2000m2.eu\/wp-content\/uploads\/Programm_Weltackerschulung.pdf\" class=\"wp-block-file__button wp-element-button\" download=\"\" aria-describedby=\"wp-block-file--media-8ba00b19-4f9c-463e-bad9-dfa6a73033bf\">Da scaricare<\/a><\/div>\n\n<h2 class=\"wp-block-heading\">Registrazione<\/h2>\n\n<p>Per partecipare al corso di formazione Weltacker \u00e8 necessario iscriversi. I posti sono limitati, quindi ti invitiamo a comunicarci al pi\u00f9 presto la tua impossibilit\u00e0 a partecipare.   <\/p>\n\n<p><\/p>\n<style>.kadence-form-7560_5d9114-87 .kb-form .kadence-blocks-form-field .kb-forms-submit{background:var(--accent);}.kb-form input.kadence-blocks-field.verify{opacity:0.0;position:absolute;top:0.0;left:0.0;width:0.0;height:0.0;z-index:-1;}<\/style>\n<div class=\"wp-block-kadence-form kadence-form-7560_5d9114-87 kb-form-wrap\"><form class=\"kb-form\" action=\"\" method=\"post\" data-error-message=\"Compila tutti i campi.  \"><div class=\"kadence-blocks-form-field kb-field-desk-width-100 kb-input-size-standard\"><label for=\"kb_field_7560_5d9114-87_0\">Discorso<span class=\"required\">*<\/span><\/label><select name=\"kb_field_0\" id=\"kb_field_7560_5d9114-87_0\" data-label=\"Ansprache\" type=\"select\" value=\"\" data-type=\"select\" class=\"kb-field kb-select-style-field kb-select-field kb-field-0\" data-required=\"yes\"><option value=\"\" disabled=\"disabled\" selected=\"selected\"> <\/option><option value=\"Lieber\">Lieber<\/option><option value=\"Liebe\">Liebe<\/option><option value=\"Hallo \">Hallo <\/option><\/select><\/div><div class=\"kadence-blocks-form-field kb-form-field-1 kb-field-desk-width-100 kb-input-size-standard\"><label for=\"kb_field_7560_5d9114-87_1\">Nome<span class=\"required\">*<\/span><\/label><input name=\"kb_field_1\" id=\"kb_field_7560_5d9114-87_1\" data-label=\"Nome\" type=\"text\" placeholder=\"Nome e cognome\" value=\"\" data-type=\"text\" class=\"kb-field kb-text-style-field kb-text-field kb-field-1\" data-required=\"yes\"\/><\/div><div class=\"kadence-blocks-form-field kb-form-field-2 kb-field-desk-width-100 kb-input-size-standard\"><label for=\"kb_field_7560_5d9114-87_2\">e-mail<span class=\"required\">*<\/span><\/label><input name=\"kb_field_2\" id=\"kb_field_7560_5d9114-87_2\" data-label=\"e-mail\" type=\"email\" placeholder=\"Indirizzo e-mail\" value=\"\" data-type=\"email\" class=\"kb-field kb-text-style-field kb-email-field kb-field-2\" data-required=\"yes\"\/><\/div><div class=\"kadence-blocks-form-field kb-form-field-3 kb-field-desk-width-100 kb-input-size-standard\"><label for=\"kb_field_7560_5d9114-87_3\">Organizzazione \/ Struttura<\/label><input name=\"kb_field_3\" id=\"kb_field_7560_5d9114-87_3\" data-label=\"Organizzazione \/ Struttura\" type=\"text\" placeholder=\"\" value=\"\" data-type=\"text\" class=\"kb-field kb-text-style-field kb-text-field kb-field-3\"\/><\/div><div class=\"kadence-blocks-form-field kb-form-field-4 kb-field-desk-width-100 kb-input-size-standard\"><label for=\"kb_field_7560_5d9114-87_4\">Partecipazione<span class=\"required\">*<\/span><\/label><select name=\"kb_field_4\" id=\"kb_field_7560_5d9114-87_4\" data-label=\"Teilnahme\" type=\"select\" value=\"\" data-type=\"select\" class=\"kb-field kb-select-style-field kb-select-field kb-field-4\" data-required=\"yes\"><option value=\"Ich nehme an beiden Tagen teil\">Ich nehme an beiden Tagen teil<\/option><option value=\"Ich komme nur am Donnerstag\">Ich komme nur am Donnerstag<\/option><\/select><\/div><div class=\"kadence-blocks-form-field kb-form-field-5 kb-field-desk-width-100 kb-input-size-standard\"><label for=\"kb_field_7560_5d9114-87_5\">Gioved\u00ec 18 settembre \u00e8 previsto un servizio di catering. Ci sar\u00e0 cibo vegano. Se hai delle intolleranze, inseriscile qui.     <\/label><input name=\"kb_field_5\" id=\"kb_field_7560_5d9114-87_5\" data-label=\"Gioved&#xEC; 18 settembre &#xE8; previsto un servizio di catering. Ci sar&#xE0; cibo vegano. Se hai delle intolleranze, inseriscile qui.     \" type=\"text\" placeholder=\"\" value=\"\" data-type=\"text\" class=\"kb-field kb-text-style-field kb-text-field kb-field-5\"\/><\/div><div class=\"kadence-blocks-form-field kb-form-field-6 kb-field-desk-width-100 kb-input-size-standard\"><label for=\"kb_field_7560_5d9114-87_6\">Domande, commenti e richieste<\/label><textarea name=\"kb_field_6\" id=\"kb_field_7560_5d9114-87_6\" data-label=\"Domande, commenti e richieste\" type=\"textarea\" placeholder=\"\" data-type=\"textarea\" class=\"kb-field kb-text-style-field kb-textarea-field kb-field-6\" rows=\"4\"><\/textarea><\/div><div class=\"kadence-blocks-form-field kb-form-field-7 kb-field-desk-width-100 kb-input-size-standard kb-accept-form-field\"><input type=\"checkbox\" name=\"kb_field_7\" id=\"kb_field_7560_5d9114-87_7\" class=\"kb-field kb-checkbox-style kb-accept\" value=\"accettare\" data-type=\"accept\"\/><label for=\"kb_field_7560_5d9114-87_7\">Accetto che durante l&#8217;evento &#8220;Come creare Weltacker&#8221;vengano effettuate foto e registrazioni video. Accetto che Zukunftsstiftung Landwirtschaft possa utilizzare le registrazioni per le sue attivit\u00e0 di pubbliche relazioni e pubblicarle sul suo sito web e sui social media.  <\/label><\/div><input type=\"hidden\" name=\"_kb_form_id\" value=\"7560_5d9114-87\"\/><input type=\"hidden\" name=\"_kb_form_post_id\" value=\"25578\"\/><input type=\"hidden\" name=\"action\" value=\"kb_process_ajax_submit\"\/><label class=\"kadence-verify-label\">Email<input class=\"kadence-blocks-field verify\" type=\"text\" name=\"_kb_verify_email\" autocomplete=\"new-password\" aria-hidden=\"true\" placeholder=\"Email\" tabindex=\"-1\" data-1p-ignore=\"true\" data-lpignore=\"true\" \/><\/label><div class=\"kadence-blocks-form-field kb-submit-field kb-field-desk-width-100\"><button class=\"kb-forms-submit button kb-button-size-large kb-button-width-auto\">Invia<\/button><\/div><\/form><\/div>\n<noscript><div class=\"kadence-blocks-form-message kadence-blocks-form-warning\">Devi abilitare JavaScript nel tuo browser per inviare il modulo<\/div><style>.kadence-form-7560_5d9114-87 .kadence-blocks-form-field.kb-submit-field { display: none; }<\/style><\/noscript>\n<p><\/p>\n\n<h2 class=\"wp-block-heading\">Volantino <\/h2>\n\n<p>Puoi scaricare il nostro volantino e condividerlo con i tuoi contatti!  <\/p>\n\n<div data-wp-interactive=\"core\/file\" class=\"wp-block-file\"><object data-wp-bind--hidden=\"!state.hasPdfPreview\" hidden class=\"wp-block-file__embed\" data=\"https:\/\/www.2000m2.eu\/wp-content\/uploads\/Flyer-How-to-Weltacker-1.pdf\" type=\"application\/pdf\" style=\"width:100%;height:420px\" aria-label=\"Incorporamento di Flyer \u201cHow to Weltacker\u201d.\"><\/object><a id=\"wp-block-file--media-d87eda02-f791-471b-97d2-77da2b46e793\" href=\"https:\/\/www.2000m2.eu\/wp-content\/uploads\/Flyer-How-to-Weltacker-1.pdf\">Volantino &#8220;Come creare Weltacker&#8221;<\/a><a href=\"https:\/\/www.2000m2.eu\/wp-content\/uploads\/Flyer-How-to-Weltacker-1.pdf\" class=\"wp-block-file__button wp-element-button\" download=\"\" aria-describedby=\"wp-block-file--media-d87eda02-f791-471b-97d2-77da2b46e793\">Da scaricare<\/a><\/div>\n\n<p>L&#8217;evento \u00e8 sponsorizzato dalla <a href=\"https:\/\/www.deutsche-stiftung-engagement-und-ehrenamt.de\/\">Fondazione tedesca per l&#8217;impegno e il volontariato<\/a>.  <\/p>\n","protected":false},"excerpt":{"rendered":"<p>Il 18 e 19 settembre ti invitiamo a partecipare al corso di formazione di Weltacker a Berlino. Qui potrai imparare le basi della creazione di un Campo Globale e fare rete con altre comunit\u00e0, citt\u00e0 e iniziative che desiderano entrare a far parte della nostra rete di Campi globali. Iscriviti subito!     &#8230;<\/p>\n","protected":false},"author":1,"featured_media":14512,"comment_status":"closed","ping_status":"open","sticky":false,"template":"","format":"standard","meta":{"footnotes":""},"categories":[90],"tags":[],"class_list":["post-25578","post","type-post","status-publish","format-standard","has-post-thumbnail","hentry","category-senza-categoria"],"yoast_head":"<!-- This site is optimized with the Yoast SEO plugin v27.4 - https:\/\/yoast.com\/product\/yoast-seo-wordpress\/ -->\n<title>&quot;Come creare Weltacker&quot; - 2000m2<\/title>\n<meta name=\"robots\" content=\"index, follow, max-snippet:-1, max-image-preview:large, max-video-preview:-1\" \/>\n<link rel=\"canonical\" href=\"https:\/\/www.2000m2.eu\/it\/senza-categoria\/come-creare-weltacker\/\" \/>\n<meta property=\"og:locale\" content=\"it_IT\" \/>\n<meta property=\"og:type\" content=\"article\" \/>\n<meta property=\"og:title\" content=\"&quot;Come creare Weltacker&quot; - 2000m2\" \/>\n<meta property=\"og:description\" content=\"Il 18 e 19 settembre ti invitiamo a partecipare al corso di formazione di Weltacker a Berlino. Qui potrai imparare le basi della creazione di un Campo Globale e fare rete con altre comunit\u00e0, citt\u00e0 e iniziative che desiderano entrare a far parte della nostra rete di Campi globali. Iscriviti subito!   ...\" \/>\n<meta property=\"og:url\" content=\"https:\/\/www.2000m2.eu\/it\/senza-categoria\/come-creare-weltacker\/\" \/>\n<meta property=\"og:site_name\" content=\"2000m2\" \/>\n<meta property=\"article:published_time\" content=\"2025-04-15T07:41:31+00:00\" \/>\n<meta property=\"article:modified_time\" content=\"2025-12-03T13:48:21+00:00\" \/>\n<meta property=\"og:image\" content=\"https:\/\/www.2000m2.eu\/wp-content\/uploads\/Attiswil.jpg\" \/>\n\t<meta property=\"og:image:width\" content=\"470\" \/>\n\t<meta property=\"og:image:height\" content=\"468\" \/>\n\t<meta property=\"og:image:type\" content=\"image\/jpeg\" \/>\n<meta name=\"author\" content=\"2000m2\" \/>\n<meta name=\"twitter:card\" content=\"summary_large_image\" \/>\n<meta name=\"twitter:label1\" content=\"Scritto da\" \/>\n\t<meta name=\"twitter:data1\" content=\"2000m2\" \/>\n\t<meta name=\"twitter:label2\" content=\"Tempo di lettura stimato\" \/>\n\t<meta name=\"twitter:data2\" content=\"2 minuti\" \/>\n<script type=\"application\/ld+json\" class=\"yoast-schema-graph\">{\"@context\":\"https:\\\/\\\/schema.org\",\"@graph\":[{\"@type\":\"Article\",\"@id\":\"https:\\\/\\\/www.2000m2.eu\\\/it\\\/senza-categoria\\\/come-creare-weltacker\\\/#article\",\"isPartOf\":{\"@id\":\"https:\\\/\\\/www.2000m2.eu\\\/it\\\/senza-categoria\\\/come-creare-weltacker\\\/\"},\"author\":{\"name\":\"2000m2\",\"@id\":\"https:\\\/\\\/www.2000m2.eu\\\/it\\\/#\\\/schema\\\/person\\\/d1e128cc21d05006c0aa9596f006e836\"},\"headline\":\"&#8220;Come creare Weltacker&#8221;\",\"datePublished\":\"2025-04-15T07:41:31+00:00\",\"dateModified\":\"2025-12-03T13:48:21+00:00\",\"mainEntityOfPage\":{\"@id\":\"https:\\\/\\\/www.2000m2.eu\\\/it\\\/senza-categoria\\\/come-creare-weltacker\\\/\"},\"wordCount\":379,\"publisher\":{\"@id\":\"https:\\\/\\\/www.2000m2.eu\\\/it\\\/#organization\"},\"image\":{\"@id\":\"https:\\\/\\\/www.2000m2.eu\\\/it\\\/senza-categoria\\\/come-creare-weltacker\\\/#primaryimage\"},\"thumbnailUrl\":\"https:\\\/\\\/www.2000m2.eu\\\/wp-content\\\/uploads\\\/Attiswil.jpg\",\"inLanguage\":\"it-IT\"},{\"@type\":\"WebPage\",\"@id\":\"https:\\\/\\\/www.2000m2.eu\\\/it\\\/senza-categoria\\\/come-creare-weltacker\\\/\",\"url\":\"https:\\\/\\\/www.2000m2.eu\\\/it\\\/senza-categoria\\\/come-creare-weltacker\\\/\",\"name\":\"\\\"Come creare Weltacker\\\" - 2000m2\",\"isPartOf\":{\"@id\":\"https:\\\/\\\/www.2000m2.eu\\\/it\\\/#website\"},\"primaryImageOfPage\":{\"@id\":\"https:\\\/\\\/www.2000m2.eu\\\/it\\\/senza-categoria\\\/come-creare-weltacker\\\/#primaryimage\"},\"image\":{\"@id\":\"https:\\\/\\\/www.2000m2.eu\\\/it\\\/senza-categoria\\\/come-creare-weltacker\\\/#primaryimage\"},\"thumbnailUrl\":\"https:\\\/\\\/www.2000m2.eu\\\/wp-content\\\/uploads\\\/Attiswil.jpg\",\"datePublished\":\"2025-04-15T07:41:31+00:00\",\"dateModified\":\"2025-12-03T13:48:21+00:00\",\"breadcrumb\":{\"@id\":\"https:\\\/\\\/www.2000m2.eu\\\/it\\\/senza-categoria\\\/come-creare-weltacker\\\/#breadcrumb\"},\"inLanguage\":\"it-IT\",\"potentialAction\":[{\"@type\":\"ReadAction\",\"target\":[\"https:\\\/\\\/www.2000m2.eu\\\/it\\\/senza-categoria\\\/come-creare-weltacker\\\/\"]}]},{\"@type\":\"ImageObject\",\"inLanguage\":\"it-IT\",\"@id\":\"https:\\\/\\\/www.2000m2.eu\\\/it\\\/senza-categoria\\\/come-creare-weltacker\\\/#primaryimage\",\"url\":\"https:\\\/\\\/www.2000m2.eu\\\/wp-content\\\/uploads\\\/Attiswil.jpg\",\"contentUrl\":\"https:\\\/\\\/www.2000m2.eu\\\/wp-content\\\/uploads\\\/Attiswil.jpg\",\"width\":470,\"height\":468},{\"@type\":\"BreadcrumbList\",\"@id\":\"https:\\\/\\\/www.2000m2.eu\\\/it\\\/senza-categoria\\\/come-creare-weltacker\\\/#breadcrumb\",\"itemListElement\":[{\"@type\":\"ListItem\",\"position\":1,\"name\":\"Home\",\"item\":\"https:\\\/\\\/www.2000m2.eu\\\/it\\\/\"},{\"@type\":\"ListItem\",\"position\":2,\"name\":\"&#8220;Come creare Weltacker&#8221;\"}]},{\"@type\":\"WebSite\",\"@id\":\"https:\\\/\\\/www.2000m2.eu\\\/it\\\/#website\",\"url\":\"https:\\\/\\\/www.2000m2.eu\\\/it\\\/\",\"name\":\"2000m2\",\"description\":\"\",\"publisher\":{\"@id\":\"https:\\\/\\\/www.2000m2.eu\\\/it\\\/#organization\"},\"potentialAction\":[{\"@type\":\"SearchAction\",\"target\":{\"@type\":\"EntryPoint\",\"urlTemplate\":\"https:\\\/\\\/www.2000m2.eu\\\/it\\\/?s={search_term_string}\"},\"query-input\":{\"@type\":\"PropertyValueSpecification\",\"valueRequired\":true,\"valueName\":\"search_term_string\"}}],\"inLanguage\":\"it-IT\"},{\"@type\":\"Organization\",\"@id\":\"https:\\\/\\\/www.2000m2.eu\\\/it\\\/#organization\",\"name\":\"2000m2\",\"url\":\"https:\\\/\\\/www.2000m2.eu\\\/it\\\/\",\"logo\":{\"@type\":\"ImageObject\",\"inLanguage\":\"it-IT\",\"@id\":\"https:\\\/\\\/www.2000m2.eu\\\/it\\\/#\\\/schema\\\/logo\\\/image\\\/\",\"url\":\"https:\\\/\\\/www.2000m2.eu\\\/wp-content\\\/uploads\\\/logo.png\",\"contentUrl\":\"https:\\\/\\\/www.2000m2.eu\\\/wp-content\\\/uploads\\\/logo.png\",\"width\":445,\"height\":140,\"caption\":\"2000m2\"},\"image\":{\"@id\":\"https:\\\/\\\/www.2000m2.eu\\\/it\\\/#\\\/schema\\\/logo\\\/image\\\/\"}},{\"@type\":\"Person\",\"@id\":\"https:\\\/\\\/www.2000m2.eu\\\/it\\\/#\\\/schema\\\/person\\\/d1e128cc21d05006c0aa9596f006e836\",\"name\":\"2000m2\",\"sameAs\":[\"https:\\\/\\\/www.2000m2.eu\"],\"url\":\"https:\\\/\\\/www.2000m2.eu\\\/it\\\/author\\\/d1qpq95o\\\/\"}]}<\/script>\n<!-- \/ Yoast SEO plugin. -->","yoast_head_json":{"title":"\"Come creare Weltacker\" - 2000m2","robots":{"index":"index","follow":"follow","max-snippet":"max-snippet:-1","max-image-preview":"max-image-preview:large","max-video-preview":"max-video-preview:-1"},"canonical":"https:\/\/www.2000m2.eu\/it\/senza-categoria\/come-creare-weltacker\/","og_locale":"it_IT","og_type":"article","og_title":"\"Come creare Weltacker\" - 2000m2","og_description":"Il 18 e 19 settembre ti invitiamo a partecipare al corso di formazione di Weltacker a Berlino. Qui potrai imparare le basi della creazione di un Campo Globale e fare rete con altre comunit\u00e0, citt\u00e0 e iniziative che desiderano entrare a far parte della nostra rete di Campi globali. Iscriviti subito!   ...","og_url":"https:\/\/www.2000m2.eu\/it\/senza-categoria\/come-creare-weltacker\/","og_site_name":"2000m2","article_published_time":"2025-04-15T07:41:31+00:00","article_modified_time":"2025-12-03T13:48:21+00:00","og_image":[{"width":470,"height":468,"url":"https:\/\/www.2000m2.eu\/wp-content\/uploads\/Attiswil.jpg","type":"image\/jpeg"}],"author":"2000m2","twitter_card":"summary_large_image","twitter_misc":{"Scritto da":"2000m2","Tempo di lettura stimato":"2 minuti"},"schema":{"@context":"https:\/\/schema.org","@graph":[{"@type":"Article","@id":"https:\/\/www.2000m2.eu\/it\/senza-categoria\/come-creare-weltacker\/#article","isPartOf":{"@id":"https:\/\/www.2000m2.eu\/it\/senza-categoria\/come-creare-weltacker\/"},"author":{"name":"2000m2","@id":"https:\/\/www.2000m2.eu\/it\/#\/schema\/person\/d1e128cc21d05006c0aa9596f006e836"},"headline":"&#8220;Come creare Weltacker&#8221;","datePublished":"2025-04-15T07:41:31+00:00","dateModified":"2025-12-03T13:48:21+00:00","mainEntityOfPage":{"@id":"https:\/\/www.2000m2.eu\/it\/senza-categoria\/come-creare-weltacker\/"},"wordCount":379,"publisher":{"@id":"https:\/\/www.2000m2.eu\/it\/#organization"},"image":{"@id":"https:\/\/www.2000m2.eu\/it\/senza-categoria\/come-creare-weltacker\/#primaryimage"},"thumbnailUrl":"https:\/\/www.2000m2.eu\/wp-content\/uploads\/Attiswil.jpg","inLanguage":"it-IT"},{"@type":"WebPage","@id":"https:\/\/www.2000m2.eu\/it\/senza-categoria\/come-creare-weltacker\/","url":"https:\/\/www.2000m2.eu\/it\/senza-categoria\/come-creare-weltacker\/","name":"\"Come creare Weltacker\" - 2000m2","isPartOf":{"@id":"https:\/\/www.2000m2.eu\/it\/#website"},"primaryImageOfPage":{"@id":"https:\/\/www.2000m2.eu\/it\/senza-categoria\/come-creare-weltacker\/#primaryimage"},"image":{"@id":"https:\/\/www.2000m2.eu\/it\/senza-categoria\/come-creare-weltacker\/#primaryimage"},"thumbnailUrl":"https:\/\/www.2000m2.eu\/wp-content\/uploads\/Attiswil.jpg","datePublished":"2025-04-15T07:41:31+00:00","dateModified":"2025-12-03T13:48:21+00:00","breadcrumb":{"@id":"https:\/\/www.2000m2.eu\/it\/senza-categoria\/come-creare-weltacker\/#breadcrumb"},"inLanguage":"it-IT","potentialAction":[{"@type":"ReadAction","target":["https:\/\/www.2000m2.eu\/it\/senza-categoria\/come-creare-weltacker\/"]}]},{"@type":"ImageObject","inLanguage":"it-IT","@id":"https:\/\/www.2000m2.eu\/it\/senza-categoria\/come-creare-weltacker\/#primaryimage","url":"https:\/\/www.2000m2.eu\/wp-content\/uploads\/Attiswil.jpg","contentUrl":"https:\/\/www.2000m2.eu\/wp-content\/uploads\/Attiswil.jpg","width":470,"height":468},{"@type":"BreadcrumbList","@id":"https:\/\/www.2000m2.eu\/it\/senza-categoria\/come-creare-weltacker\/#breadcrumb","itemListElement":[{"@type":"ListItem","position":1,"name":"Home","item":"https:\/\/www.2000m2.eu\/it\/"},{"@type":"ListItem","position":2,"name":"&#8220;Come creare Weltacker&#8221;"}]},{"@type":"WebSite","@id":"https:\/\/www.2000m2.eu\/it\/#website","url":"https:\/\/www.2000m2.eu\/it\/","name":"2000m2","description":"","publisher":{"@id":"https:\/\/www.2000m2.eu\/it\/#organization"},"potentialAction":[{"@type":"SearchAction","target":{"@type":"EntryPoint","urlTemplate":"https:\/\/www.2000m2.eu\/it\/?s={search_term_string}"},"query-input":{"@type":"PropertyValueSpecification","valueRequired":true,"valueName":"search_term_string"}}],"inLanguage":"it-IT"},{"@type":"Organization","@id":"https:\/\/www.2000m2.eu\/it\/#organization","name":"2000m2","url":"https:\/\/www.2000m2.eu\/it\/","logo":{"@type":"ImageObject","inLanguage":"it-IT","@id":"https:\/\/www.2000m2.eu\/it\/#\/schema\/logo\/image\/","url":"https:\/\/www.2000m2.eu\/wp-content\/uploads\/logo.png","contentUrl":"https:\/\/www.2000m2.eu\/wp-content\/uploads\/logo.png","width":445,"height":140,"caption":"2000m2"},"image":{"@id":"https:\/\/www.2000m2.eu\/it\/#\/schema\/logo\/image\/"}},{"@type":"Person","@id":"https:\/\/www.2000m2.eu\/it\/#\/schema\/person\/d1e128cc21d05006c0aa9596f006e836","name":"2000m2","sameAs":["https:\/\/www.2000m2.eu"],"url":"https:\/\/www.2000m2.eu\/it\/author\/d1qpq95o\/"}]}},"_links":{"self":[{"href":"https:\/\/www.2000m2.eu\/it\/wp-json\/wp\/v2\/posts\/25578","targetHints":{"allow":["GET"]}}],"collection":[{"href":"https:\/\/www.2000m2.eu\/it\/wp-json\/wp\/v2\/posts"}],"about":[{"href":"https:\/\/www.2000m2.eu\/it\/wp-json\/wp\/v2\/types\/post"}],"author":[{"embeddable":true,"href":"https:\/\/www.2000m2.eu\/it\/wp-json\/wp\/v2\/users\/1"}],"replies":[{"embeddable":true,"href":"https:\/\/www.2000m2.eu\/it\/wp-json\/wp\/v2\/comments?post=25578"}],"version-history":[{"count":1,"href":"https:\/\/www.2000m2.eu\/it\/wp-json\/wp\/v2\/posts\/25578\/revisions"}],"predecessor-version":[{"id":25579,"href":"https:\/\/www.2000m2.eu\/it\/wp-json\/wp\/v2\/posts\/25578\/revisions\/25579"}],"wp:featuredmedia":[{"embeddable":true,"href":"https:\/\/www.2000m2.eu\/it\/wp-json\/wp\/v2\/media\/14512"}],"wp:attachment":[{"href":"https:\/\/www.2000m2.eu\/it\/wp-json\/wp\/v2\/media?parent=25578"}],"wp:term":[{"taxonomy":"category","embeddable":true,"href":"https:\/\/www.2000m2.eu\/it\/wp-json\/wp\/v2\/categories?post=25578"},{"taxonomy":"post_tag","embeddable":true,"href":"https:\/\/www.2000m2.eu\/it\/wp-json\/wp\/v2\/tags?post=25578"}],"curies":[{"name":"wp","href":"https:\/\/api.w.org\/{rel}","templated":true}]}}