{"id":25586,"date":"2025-04-02T14:55:48","date_gmt":"2025-04-02T14:55:48","guid":{"rendered":"https:\/\/www.2000m2.eu\/senza-categoria\/prima-conferenza-intercontinentale-sul-campo-globale\/"},"modified":"2025-12-03T17:06:53","modified_gmt":"2025-12-03T17:06:53","slug":"prima-conferenza-intercontinentale-sul-campo-globale","status":"publish","type":"post","link":"https:\/\/www.2000m2.eu\/it\/svizzera\/prima-conferenza-intercontinentale-sul-campo-globale\/","title":{"rendered":"Prima conferenza intercontinentale sul Campo Globale"},"content":{"rendered":"\n<h1 class=\"wp-block-heading\">Il team svizzero di Weltacker alla prima conferenza intercontinentale degli agricoltori del mondo<\/h1>\n\n<p>Il primo fine settimana di marzo, le iniziative mondiali di Weltacker provenienti dall&#8217;Europa e da altri paesi si sono riunite per la quarta volta per imparare l&#8217;una dall&#8217;altra, sviluppare il loro lavoro educativo e pianificare passi comuni per il futuro. Per la prima volta, anche un partecipante del Sud globale si \u00e8 recato all&#8217;evento.   <br\/><\/p>\n\n<p>Hanno partecipato undici persone provenienti dalla Svizzera. Oltre ai rappresentanti dei Campi Globali di Nuglar, Attiswil, Berna e Zurigo e dell&#8217;ufficio di Weltacker Svizzera, era presente anche una persona proveniente dai Grigioni, dove sono in corso chiarimenti per un quinto Campo Mondiale svizzero. In totale, la conferenza ha riunito quasi 30 iniziative provenienti da sette paesi e, con quasi 60 partecipanti, \u00e8 stata molto pi\u00f9 ampia rispetto alle riunioni precedenti. Per la prima volta, la conferenza si \u00e8 svolta in due lingue: tedesco e inglese. Lo scambio multilingue ha reso evidente la forte crescita del movimento e l&#8217;importanza del dialogo transfrontaliero per il successo del lavoro educativo a favore dell&#8217;agricoltura e dell&#8217;alimentazione sostenibili.    <br\/><\/p>\n\n<figure class=\"wp-block-image size-large\"><img decoding=\"async\" width=\"1024\" height=\"683\" src=\"https:\/\/www.2000m2.eu\/wp-content\/uploads\/Konferenz-Innsbruck-1024x683.jpg\" alt=\"Quasi 60 partecipanti alla conferenza di Innsbruck guardano nella macchina fotografica per una foto di gruppo. Sullo sfondo si vedono le Alpi innevate. \" class=\"wp-image-6589\" srcset=\"https:\/\/www.2000m2.eu\/wp-content\/uploads\/Konferenz-Innsbruck-1024x683.jpg 1024w, https:\/\/www.2000m2.eu\/wp-content\/uploads\/Konferenz-Innsbruck-300x200.jpg 300w, https:\/\/www.2000m2.eu\/wp-content\/uploads\/Konferenz-Innsbruck-768x512.jpg 768w, https:\/\/www.2000m2.eu\/wp-content\/uploads\/Konferenz-Innsbruck-1536x1024.jpg 1536w, https:\/\/www.2000m2.eu\/wp-content\/uploads\/Konferenz-Innsbruck-450x300.jpg 450w, https:\/\/www.2000m2.eu\/wp-content\/uploads\/Konferenz-Innsbruck.jpg 1920w\" sizes=\"(max-width: 1024px) 100vw, 1024px\" \/><figcaption class=\"wp-element-caption\">Quasi 60 creatori di Campi Globali insieme a Innsbruck. (Foto: Carrol Diehl) <br\/><\/figcaption><\/figure>\n\n<h2 class=\"wp-block-heading\">Dal Kenya a Innsbruck: nuove prospettive per l&#8217;agricoltura<br\/><\/h2>\n\n<p>Insieme a numerose iniziative di Innsbruck, abbiamo lanciato la nostra conferenza con un evento pubblico di apertura: circa 100 persone sono accorse alla Haus der Begegnung Innsbruck. Con il titolo &#8220;Fame in abbondanza&#8221;, i relatori hanno fatto luce sulle disuguaglianze del nostro sistema agricolo e alimentare globale.   <br\/><\/p>\n\n<p>Un momento saliente del fine settimana \u00e8 stata la presentazione di Mercy Ambani del Seed Savers Network di Gilgil, in Kenya. Grazie al sostegno finanziario della Fondazione Edith Maryon tramite Weltacker Svizzera, Mercy \u00e8 stata la prima rappresentante di Weltacker del Sud globale a partecipare alla conferenza. \u00c8 stato emozionante per il pubblico conoscere il suo punto di vista e apprendere come in Kenya campi di 2000 m\u00b2 possano sfamare intere famiglie e come il Campo Globale si concentri direttamente sulla garanzia dei mezzi di sussistenza.   <\/p>\n\n<figure class=\"wp-block-image size-large\"><img decoding=\"async\" width=\"1024\" height=\"683\" src=\"https:\/\/www.2000m2.eu\/wp-content\/uploads\/20250302_0142-min-1024x683.jpg\" alt=\"Mercy Ambani sale sul palco e tiene una conferenza. Sullo sfondo si vede una presentazione intitolata &quot;Campi globali in Kenya&quot;. \" class=\"wp-image-6610\" srcset=\"https:\/\/www.2000m2.eu\/wp-content\/uploads\/20250302_0142-min-1024x683.jpg 1024w, https:\/\/www.2000m2.eu\/wp-content\/uploads\/20250302_0142-min-300x200.jpg 300w, https:\/\/www.2000m2.eu\/wp-content\/uploads\/20250302_0142-min-768x512.jpg 768w, https:\/\/www.2000m2.eu\/wp-content\/uploads\/20250302_0142-min-1536x1024.jpg 1536w, https:\/\/www.2000m2.eu\/wp-content\/uploads\/20250302_0142-min-450x300.jpg 450w, https:\/\/www.2000m2.eu\/wp-content\/uploads\/20250302_0142-min.jpg 1920w\" sizes=\"(max-width: 1024px) 100vw, 1024px\" \/><figcaption class=\"wp-element-caption\">Mercy Ambani riferisce dal Kenya. (Foto: Carroll Diehl) <\/figcaption><\/figure>\n\n<h2 class=\"wp-block-heading\">Fatti, lamentele, soluzioni: Gli esperti parlano chiaro<br\/><\/h2>\n\n<p>All&#8217;evento inaugurale nella &#8220;Haus der Begegnung&#8221;, il pubblico ha anche ascoltato fatti e lamentele impressionanti sull&#8217;agricoltura internazionale e austriaca dal fondatore di Weltacker Benedikt H\u00e4rlin e dal professore emerito di sociologia agraria Markus Schermer. Una panoramica su temi quali la fame e la malnutrizione, il cambiamento climatico e la scomparsa delle aziende agricole ha reso evidente la necessit\u00e0 di una svolta globale dei nostri sistemi alimentari. Il lavoro educativo di Weltacker \u00e8 un pezzo importante del puzzle per affrontare questo compito per la societ\u00e0 nel suo complesso.  <br\/><\/p>\n\n<p>Claudia Sacher del <a href=\"https:\/\/www.2000m2.eu\/de\/aecker\/innsbruck\/\">Weltacker di Innsbruck<\/a>, un campo mondiale &#8220;classico&#8221; che riflette l&#8217;attuale agricoltura globale, ha spiegato come potrebbe essere in Europa. \u00c8 stato interessante per gli agricoltori del mondo conoscere l&#8217;approccio adottato nel <g id=\"gid_1\">campo di Osnabr\u00fcck<\/g>: Qui le coltivazioni vengono effettuate secondo la Dieta della Salute Planetaria, come ha presentato Saja Schreiber. Il Weltacker dimostra cos\u00ec come potrebbe essere la versione futura della nostra dieta.    <br\/><\/p>\n\n<h2 class=\"wp-block-heading\">I campi del mondo in scambio<\/h2>\n\n<p>Sabato e domenica, i rappresentanti dei Weltacker hanno avuto modo di dialogare intensamente tra loro. Nei gruppi di lavoro abbiamo sviluppato nuove idee per il lavoro educativo, condiviso esperienze e discusso su come organizzarci e rafforzarci ancora di pi\u00f9 come movimento in futuro.   <br\/><\/p>\n\n<figure class=\"wp-block-image size-large\"><img decoding=\"async\" width=\"1024\" height=\"768\" src=\"https:\/\/www.2000m2.eu\/wp-content\/uploads\/P1050271-min-1024x768.jpg\" alt=\"16 persone siedono in un cerchio di sedie e discutono animatamente.\" class=\"wp-image-6618\" srcset=\"https:\/\/www.2000m2.eu\/wp-content\/uploads\/P1050271-min-1024x768.jpg 1024w, https:\/\/www.2000m2.eu\/wp-content\/uploads\/P1050271-min-300x225.jpg 300w, https:\/\/www.2000m2.eu\/wp-content\/uploads\/P1050271-min-768x576.jpg 768w, https:\/\/www.2000m2.eu\/wp-content\/uploads\/P1050271-min-1536x1152.jpg 1536w, https:\/\/www.2000m2.eu\/wp-content\/uploads\/P1050271-min.jpg 1920w\" sizes=\"(max-width: 1024px) 100vw, 1024px\" \/><figcaption class=\"wp-element-caption\">Dialogo nel gruppo di lavoro. (Foto: Andreas-Christian Schr\u00f6der) <\/figcaption><\/figure>\n\n<figure class=\"wp-block-image size-large\"><img decoding=\"async\" width=\"1024\" height=\"683\" src=\"https:\/\/www.2000m2.eu\/wp-content\/uploads\/20250302_0208-min-1024x683.jpg\" alt=\"Due donne tengono in aria un telone di 5,5 metri quadrati, sul quale &#xE8; scritto &quot;Questo &#xE8; di 5,5 metri quadrati&quot;. \" class=\"wp-image-6600\" srcset=\"https:\/\/www.2000m2.eu\/wp-content\/uploads\/20250302_0208-min-1024x683.jpg 1024w, https:\/\/www.2000m2.eu\/wp-content\/uploads\/20250302_0208-min-300x200.jpg 300w, https:\/\/www.2000m2.eu\/wp-content\/uploads\/20250302_0208-min-768x512.jpg 768w, https:\/\/www.2000m2.eu\/wp-content\/uploads\/20250302_0208-min-1536x1024.jpg 1536w, https:\/\/www.2000m2.eu\/wp-content\/uploads\/20250302_0208-min-450x300.jpg 450w, https:\/\/www.2000m2.eu\/wp-content\/uploads\/20250302_0208-min.jpg 1920w\" sizes=\"(max-width: 1024px) 100vw, 1024px\" \/><figcaption class=\"wp-element-caption\">Presentazione del Weltacker2Go: ogni persona ha a disposizione 5,5 metri quadrati di terreno coltivabile al giorno. (Foto: Carroll Diehl) <\/figcaption><\/figure>\n\n<p>Alla fine della nostra conferenza, abbiamo visitato il Weltacker di Innsbruck, un progetto impressionante nel centro della citt\u00e0. Qui l&#8217;intero quartiere sta collaborando in modo unico e il Weltacker \u00e8 diventato un vero e proprio luogo di incontro. <br\/><\/p>\n\n<p>I partecipanti sono tornati dall&#8217;incontro con nuove idee, nuove motivazioni e molti incarichi per i loro progetti. Vorremmo ringraziare in modo particolare <a href=\"https:\/\/feldschafft.at\/\">feld:schafft Innsbruck<\/a> per il supporto all&#8217;organizzazione e Jasper Jordan che, in qualit\u00e0 di coordinatore del movimento internazionale Weltacker, ha tirato instancabilmente le fila della conferenza. <br\/><\/p>\n\n<figure class=\"wp-block-image size-large\"><img decoding=\"async\" width=\"1024\" height=\"683\" src=\"https:\/\/www.2000m2.eu\/wp-content\/uploads\/20250302_Team-Schweiz-Innsbruck-1024x683.jpg\" alt=\"\" class=\"wp-image-7243\" srcset=\"https:\/\/www.2000m2.eu\/wp-content\/uploads\/20250302_Team-Schweiz-Innsbruck-1024x683.jpg 1024w, https:\/\/www.2000m2.eu\/wp-content\/uploads\/20250302_Team-Schweiz-Innsbruck-300x200.jpg 300w, https:\/\/www.2000m2.eu\/wp-content\/uploads\/20250302_Team-Schweiz-Innsbruck-768x512.jpg 768w, https:\/\/www.2000m2.eu\/wp-content\/uploads\/20250302_Team-Schweiz-Innsbruck-1536x1024.jpg 1536w, https:\/\/www.2000m2.eu\/wp-content\/uploads\/20250302_Team-Schweiz-Innsbruck-450x300.jpg 450w, https:\/\/www.2000m2.eu\/wp-content\/uploads\/20250302_Team-Schweiz-Innsbruck.jpg 1920w\" sizes=\"(max-width: 1024px) 100vw, 1024px\" \/><figcaption class=\"wp-element-caption\">La delegazione svizzera sul campo di Weltacker a Innsbruck.  <\/figcaption><\/figure>\n","protected":false},"excerpt":{"rendered":"<p>Il primo fine settimana di marzo, le iniziative mondiali di Weltacker provenienti dall&#8217;Europa e da altri paesi si sono riunite per la quarta volta per imparare l&#8217;una dall&#8217;altra, sviluppare il loro lavoro educativo e pianificare passi comuni per il futuro. Per la prima volta, anche un partecipante del Sud globale si \u00e8 recato all&#8217;evento.  &#8230;<\/p>\n","protected":false},"author":7,"featured_media":23845,"comment_status":"closed","ping_status":"open","sticky":false,"template":"","format":"standard","meta":{"footnotes":""},"categories":[297],"tags":[],"class_list":["post-25586","post","type-post","status-publish","format-standard","has-post-thumbnail","hentry","category-svizzera"],"yoast_head":"<!-- This site is optimized with the Yoast SEO plugin v27.4 - https:\/\/yoast.com\/product\/yoast-seo-wordpress\/ -->\n<title>Prima conferenza intercontinentale sul Campo Globale - 2000m2<\/title>\n<meta name=\"robots\" content=\"index, follow, max-snippet:-1, max-image-preview:large, max-video-preview:-1\" \/>\n<link rel=\"canonical\" href=\"https:\/\/www.2000m2.eu\/it\/svizzera\/prima-conferenza-intercontinentale-sul-campo-globale\/\" \/>\n<meta property=\"og:locale\" content=\"it_IT\" \/>\n<meta property=\"og:type\" content=\"article\" \/>\n<meta property=\"og:title\" content=\"Prima conferenza intercontinentale sul Campo Globale - 2000m2\" \/>\n<meta property=\"og:description\" content=\"Il primo fine settimana di marzo, le iniziative mondiali di Weltacker provenienti dall&#039;Europa e da altri paesi si sono riunite per la quarta volta per imparare l&#039;una dall&#039;altra, sviluppare il loro lavoro educativo e pianificare passi comuni per il futuro. Per la prima volta, anche un partecipante del Sud globale si \u00e8 recato all&#039;evento. ...\" \/>\n<meta property=\"og:url\" content=\"https:\/\/www.2000m2.eu\/it\/svizzera\/prima-conferenza-intercontinentale-sul-campo-globale\/\" \/>\n<meta property=\"og:site_name\" content=\"2000m2\" \/>\n<meta property=\"article:published_time\" content=\"2025-04-02T14:55:48+00:00\" \/>\n<meta property=\"article:modified_time\" content=\"2025-12-03T17:06:53+00:00\" \/>\n<meta property=\"og:image\" content=\"https:\/\/www.2000m2.eu\/wp-content\/uploads\/20250302_Team-Schweiz-Innsbruck.jpg\" \/>\n\t<meta property=\"og:image:width\" content=\"1920\" \/>\n\t<meta property=\"og:image:height\" content=\"1280\" \/>\n\t<meta property=\"og:image:type\" content=\"image\/jpeg\" \/>\n<meta name=\"author\" content=\"Niklaus Salzmann\" \/>\n<meta name=\"twitter:card\" content=\"summary_large_image\" \/>\n<meta name=\"twitter:label1\" content=\"Scritto da\" \/>\n\t<meta name=\"twitter:data1\" content=\"Niklaus Salzmann\" \/>\n\t<meta name=\"twitter:label2\" content=\"Tempo di lettura stimato\" \/>\n\t<meta name=\"twitter:data2\" content=\"3 minuti\" \/>\n<script type=\"application\/ld+json\" class=\"yoast-schema-graph\">{\"@context\":\"https:\\\/\\\/schema.org\",\"@graph\":[{\"@type\":\"Article\",\"@id\":\"https:\\\/\\\/www.2000m2.eu\\\/it\\\/svizzera\\\/prima-conferenza-intercontinentale-sul-campo-globale\\\/#article\",\"isPartOf\":{\"@id\":\"https:\\\/\\\/www.2000m2.eu\\\/it\\\/svizzera\\\/prima-conferenza-intercontinentale-sul-campo-globale\\\/\"},\"author\":{\"name\":\"Niklaus Salzmann\",\"@id\":\"https:\\\/\\\/www.2000m2.eu\\\/it\\\/#\\\/schema\\\/person\\\/64cef59328d1e737d639cf31a6317dbe\"},\"headline\":\"Prima conferenza intercontinentale sul Campo Globale\",\"datePublished\":\"2025-04-02T14:55:48+00:00\",\"dateModified\":\"2025-12-03T17:06:53+00:00\",\"mainEntityOfPage\":{\"@id\":\"https:\\\/\\\/www.2000m2.eu\\\/it\\\/svizzera\\\/prima-conferenza-intercontinentale-sul-campo-globale\\\/\"},\"wordCount\":683,\"publisher\":{\"@id\":\"https:\\\/\\\/www.2000m2.eu\\\/it\\\/#organization\"},\"image\":{\"@id\":\"https:\\\/\\\/www.2000m2.eu\\\/it\\\/svizzera\\\/prima-conferenza-intercontinentale-sul-campo-globale\\\/#primaryimage\"},\"thumbnailUrl\":\"https:\\\/\\\/www.2000m2.eu\\\/wp-content\\\/uploads\\\/20250302_Team-Schweiz-Innsbruck.jpg\",\"articleSection\":[\"Svizzera\"],\"inLanguage\":\"it-IT\"},{\"@type\":\"WebPage\",\"@id\":\"https:\\\/\\\/www.2000m2.eu\\\/it\\\/svizzera\\\/prima-conferenza-intercontinentale-sul-campo-globale\\\/\",\"url\":\"https:\\\/\\\/www.2000m2.eu\\\/it\\\/svizzera\\\/prima-conferenza-intercontinentale-sul-campo-globale\\\/\",\"name\":\"Prima conferenza intercontinentale sul Campo Globale - 2000m2\",\"isPartOf\":{\"@id\":\"https:\\\/\\\/www.2000m2.eu\\\/it\\\/#website\"},\"primaryImageOfPage\":{\"@id\":\"https:\\\/\\\/www.2000m2.eu\\\/it\\\/svizzera\\\/prima-conferenza-intercontinentale-sul-campo-globale\\\/#primaryimage\"},\"image\":{\"@id\":\"https:\\\/\\\/www.2000m2.eu\\\/it\\\/svizzera\\\/prima-conferenza-intercontinentale-sul-campo-globale\\\/#primaryimage\"},\"thumbnailUrl\":\"https:\\\/\\\/www.2000m2.eu\\\/wp-content\\\/uploads\\\/20250302_Team-Schweiz-Innsbruck.jpg\",\"datePublished\":\"2025-04-02T14:55:48+00:00\",\"dateModified\":\"2025-12-03T17:06:53+00:00\",\"breadcrumb\":{\"@id\":\"https:\\\/\\\/www.2000m2.eu\\\/it\\\/svizzera\\\/prima-conferenza-intercontinentale-sul-campo-globale\\\/#breadcrumb\"},\"inLanguage\":\"it-IT\",\"potentialAction\":[{\"@type\":\"ReadAction\",\"target\":[\"https:\\\/\\\/www.2000m2.eu\\\/it\\\/svizzera\\\/prima-conferenza-intercontinentale-sul-campo-globale\\\/\"]}]},{\"@type\":\"ImageObject\",\"inLanguage\":\"it-IT\",\"@id\":\"https:\\\/\\\/www.2000m2.eu\\\/it\\\/svizzera\\\/prima-conferenza-intercontinentale-sul-campo-globale\\\/#primaryimage\",\"url\":\"https:\\\/\\\/www.2000m2.eu\\\/wp-content\\\/uploads\\\/20250302_Team-Schweiz-Innsbruck.jpg\",\"contentUrl\":\"https:\\\/\\\/www.2000m2.eu\\\/wp-content\\\/uploads\\\/20250302_Team-Schweiz-Innsbruck.jpg\",\"width\":1920,\"height\":1280,\"caption\":\"Die Schweizer Delegation auf dem Weltacker Innsbruck.\"},{\"@type\":\"BreadcrumbList\",\"@id\":\"https:\\\/\\\/www.2000m2.eu\\\/it\\\/svizzera\\\/prima-conferenza-intercontinentale-sul-campo-globale\\\/#breadcrumb\",\"itemListElement\":[{\"@type\":\"ListItem\",\"position\":1,\"name\":\"Home\",\"item\":\"https:\\\/\\\/www.2000m2.eu\\\/it\\\/\"},{\"@type\":\"ListItem\",\"position\":2,\"name\":\"Prima conferenza intercontinentale sul Campo Globale\"}]},{\"@type\":\"WebSite\",\"@id\":\"https:\\\/\\\/www.2000m2.eu\\\/it\\\/#website\",\"url\":\"https:\\\/\\\/www.2000m2.eu\\\/it\\\/\",\"name\":\"2000m2\",\"description\":\"\",\"publisher\":{\"@id\":\"https:\\\/\\\/www.2000m2.eu\\\/it\\\/#organization\"},\"potentialAction\":[{\"@type\":\"SearchAction\",\"target\":{\"@type\":\"EntryPoint\",\"urlTemplate\":\"https:\\\/\\\/www.2000m2.eu\\\/it\\\/?s={search_term_string}\"},\"query-input\":{\"@type\":\"PropertyValueSpecification\",\"valueRequired\":true,\"valueName\":\"search_term_string\"}}],\"inLanguage\":\"it-IT\"},{\"@type\":\"Organization\",\"@id\":\"https:\\\/\\\/www.2000m2.eu\\\/it\\\/#organization\",\"name\":\"2000m2\",\"url\":\"https:\\\/\\\/www.2000m2.eu\\\/it\\\/\",\"logo\":{\"@type\":\"ImageObject\",\"inLanguage\":\"it-IT\",\"@id\":\"https:\\\/\\\/www.2000m2.eu\\\/it\\\/#\\\/schema\\\/logo\\\/image\\\/\",\"url\":\"https:\\\/\\\/www.2000m2.eu\\\/wp-content\\\/uploads\\\/logo.png\",\"contentUrl\":\"https:\\\/\\\/www.2000m2.eu\\\/wp-content\\\/uploads\\\/logo.png\",\"width\":445,\"height\":140,\"caption\":\"2000m2\"},\"image\":{\"@id\":\"https:\\\/\\\/www.2000m2.eu\\\/it\\\/#\\\/schema\\\/logo\\\/image\\\/\"}},{\"@type\":\"Person\",\"@id\":\"https:\\\/\\\/www.2000m2.eu\\\/it\\\/#\\\/schema\\\/person\\\/64cef59328d1e737d639cf31a6317dbe\",\"name\":\"Niklaus Salzmann\",\"url\":\"https:\\\/\\\/www.2000m2.eu\\\/it\\\/author\\\/niklaus-salzmann\\\/\"}]}<\/script>\n<!-- \/ Yoast SEO plugin. -->","yoast_head_json":{"title":"Prima conferenza intercontinentale sul Campo Globale - 2000m2","robots":{"index":"index","follow":"follow","max-snippet":"max-snippet:-1","max-image-preview":"max-image-preview:large","max-video-preview":"max-video-preview:-1"},"canonical":"https:\/\/www.2000m2.eu\/it\/svizzera\/prima-conferenza-intercontinentale-sul-campo-globale\/","og_locale":"it_IT","og_type":"article","og_title":"Prima conferenza intercontinentale sul Campo Globale - 2000m2","og_description":"Il primo fine settimana di marzo, le iniziative mondiali di Weltacker provenienti dall'Europa e da altri paesi si sono riunite per la quarta volta per imparare l'una dall'altra, sviluppare il loro lavoro educativo e pianificare passi comuni per il futuro. Per la prima volta, anche un partecipante del Sud globale si \u00e8 recato all'evento. ...","og_url":"https:\/\/www.2000m2.eu\/it\/svizzera\/prima-conferenza-intercontinentale-sul-campo-globale\/","og_site_name":"2000m2","article_published_time":"2025-04-02T14:55:48+00:00","article_modified_time":"2025-12-03T17:06:53+00:00","og_image":[{"width":1920,"height":1280,"url":"https:\/\/www.2000m2.eu\/wp-content\/uploads\/20250302_Team-Schweiz-Innsbruck.jpg","type":"image\/jpeg"}],"author":"Niklaus Salzmann","twitter_card":"summary_large_image","twitter_misc":{"Scritto da":"Niklaus Salzmann","Tempo di lettura stimato":"3 minuti"},"schema":{"@context":"https:\/\/schema.org","@graph":[{"@type":"Article","@id":"https:\/\/www.2000m2.eu\/it\/svizzera\/prima-conferenza-intercontinentale-sul-campo-globale\/#article","isPartOf":{"@id":"https:\/\/www.2000m2.eu\/it\/svizzera\/prima-conferenza-intercontinentale-sul-campo-globale\/"},"author":{"name":"Niklaus Salzmann","@id":"https:\/\/www.2000m2.eu\/it\/#\/schema\/person\/64cef59328d1e737d639cf31a6317dbe"},"headline":"Prima conferenza intercontinentale sul Campo Globale","datePublished":"2025-04-02T14:55:48+00:00","dateModified":"2025-12-03T17:06:53+00:00","mainEntityOfPage":{"@id":"https:\/\/www.2000m2.eu\/it\/svizzera\/prima-conferenza-intercontinentale-sul-campo-globale\/"},"wordCount":683,"publisher":{"@id":"https:\/\/www.2000m2.eu\/it\/#organization"},"image":{"@id":"https:\/\/www.2000m2.eu\/it\/svizzera\/prima-conferenza-intercontinentale-sul-campo-globale\/#primaryimage"},"thumbnailUrl":"https:\/\/www.2000m2.eu\/wp-content\/uploads\/20250302_Team-Schweiz-Innsbruck.jpg","articleSection":["Svizzera"],"inLanguage":"it-IT"},{"@type":"WebPage","@id":"https:\/\/www.2000m2.eu\/it\/svizzera\/prima-conferenza-intercontinentale-sul-campo-globale\/","url":"https:\/\/www.2000m2.eu\/it\/svizzera\/prima-conferenza-intercontinentale-sul-campo-globale\/","name":"Prima conferenza intercontinentale sul Campo Globale - 2000m2","isPartOf":{"@id":"https:\/\/www.2000m2.eu\/it\/#website"},"primaryImageOfPage":{"@id":"https:\/\/www.2000m2.eu\/it\/svizzera\/prima-conferenza-intercontinentale-sul-campo-globale\/#primaryimage"},"image":{"@id":"https:\/\/www.2000m2.eu\/it\/svizzera\/prima-conferenza-intercontinentale-sul-campo-globale\/#primaryimage"},"thumbnailUrl":"https:\/\/www.2000m2.eu\/wp-content\/uploads\/20250302_Team-Schweiz-Innsbruck.jpg","datePublished":"2025-04-02T14:55:48+00:00","dateModified":"2025-12-03T17:06:53+00:00","breadcrumb":{"@id":"https:\/\/www.2000m2.eu\/it\/svizzera\/prima-conferenza-intercontinentale-sul-campo-globale\/#breadcrumb"},"inLanguage":"it-IT","potentialAction":[{"@type":"ReadAction","target":["https:\/\/www.2000m2.eu\/it\/svizzera\/prima-conferenza-intercontinentale-sul-campo-globale\/"]}]},{"@type":"ImageObject","inLanguage":"it-IT","@id":"https:\/\/www.2000m2.eu\/it\/svizzera\/prima-conferenza-intercontinentale-sul-campo-globale\/#primaryimage","url":"https:\/\/www.2000m2.eu\/wp-content\/uploads\/20250302_Team-Schweiz-Innsbruck.jpg","contentUrl":"https:\/\/www.2000m2.eu\/wp-content\/uploads\/20250302_Team-Schweiz-Innsbruck.jpg","width":1920,"height":1280,"caption":"Die Schweizer Delegation auf dem Weltacker Innsbruck."},{"@type":"BreadcrumbList","@id":"https:\/\/www.2000m2.eu\/it\/svizzera\/prima-conferenza-intercontinentale-sul-campo-globale\/#breadcrumb","itemListElement":[{"@type":"ListItem","position":1,"name":"Home","item":"https:\/\/www.2000m2.eu\/it\/"},{"@type":"ListItem","position":2,"name":"Prima conferenza intercontinentale sul Campo Globale"}]},{"@type":"WebSite","@id":"https:\/\/www.2000m2.eu\/it\/#website","url":"https:\/\/www.2000m2.eu\/it\/","name":"2000m2","description":"","publisher":{"@id":"https:\/\/www.2000m2.eu\/it\/#organization"},"potentialAction":[{"@type":"SearchAction","target":{"@type":"EntryPoint","urlTemplate":"https:\/\/www.2000m2.eu\/it\/?s={search_term_string}"},"query-input":{"@type":"PropertyValueSpecification","valueRequired":true,"valueName":"search_term_string"}}],"inLanguage":"it-IT"},{"@type":"Organization","@id":"https:\/\/www.2000m2.eu\/it\/#organization","name":"2000m2","url":"https:\/\/www.2000m2.eu\/it\/","logo":{"@type":"ImageObject","inLanguage":"it-IT","@id":"https:\/\/www.2000m2.eu\/it\/#\/schema\/logo\/image\/","url":"https:\/\/www.2000m2.eu\/wp-content\/uploads\/logo.png","contentUrl":"https:\/\/www.2000m2.eu\/wp-content\/uploads\/logo.png","width":445,"height":140,"caption":"2000m2"},"image":{"@id":"https:\/\/www.2000m2.eu\/it\/#\/schema\/logo\/image\/"}},{"@type":"Person","@id":"https:\/\/www.2000m2.eu\/it\/#\/schema\/person\/64cef59328d1e737d639cf31a6317dbe","name":"Niklaus Salzmann","url":"https:\/\/www.2000m2.eu\/it\/author\/niklaus-salzmann\/"}]}},"_links":{"self":[{"href":"https:\/\/www.2000m2.eu\/it\/wp-json\/wp\/v2\/posts\/25586","targetHints":{"allow":["GET"]}}],"collection":[{"href":"https:\/\/www.2000m2.eu\/it\/wp-json\/wp\/v2\/posts"}],"about":[{"href":"https:\/\/www.2000m2.eu\/it\/wp-json\/wp\/v2\/types\/post"}],"author":[{"embeddable":true,"href":"https:\/\/www.2000m2.eu\/it\/wp-json\/wp\/v2\/users\/7"}],"replies":[{"embeddable":true,"href":"https:\/\/www.2000m2.eu\/it\/wp-json\/wp\/v2\/comments?post=25586"}],"version-history":[{"count":1,"href":"https:\/\/www.2000m2.eu\/it\/wp-json\/wp\/v2\/posts\/25586\/revisions"}],"predecessor-version":[{"id":25587,"href":"https:\/\/www.2000m2.eu\/it\/wp-json\/wp\/v2\/posts\/25586\/revisions\/25587"}],"wp:featuredmedia":[{"embeddable":true,"href":"https:\/\/www.2000m2.eu\/it\/wp-json\/wp\/v2\/media\/23845"}],"wp:attachment":[{"href":"https:\/\/www.2000m2.eu\/it\/wp-json\/wp\/v2\/media?parent=25586"}],"wp:term":[{"taxonomy":"category","embeddable":true,"href":"https:\/\/www.2000m2.eu\/it\/wp-json\/wp\/v2\/categories?post=25586"},{"taxonomy":"post_tag","embeddable":true,"href":"https:\/\/www.2000m2.eu\/it\/wp-json\/wp\/v2\/tags?post=25586"}],"curies":[{"name":"wp","href":"https:\/\/api.w.org\/{rel}","templated":true}]}}