{"id":25749,"date":"2025-03-11T22:10:10","date_gmt":"2025-03-11T22:10:10","guid":{"rendered":"https:\/\/www.2000m2.eu\/senza-categoria\/conferenza-del-campo-globale-2025\/"},"modified":"2025-12-05T15:30:40","modified_gmt":"2025-12-05T15:30:40","slug":"conferenza-del-campo-globale-2025","status":"publish","type":"post","link":"https:\/\/www.2000m2.eu\/it\/senza-categoria\/conferenza-del-campo-globale-2025\/","title":{"rendered":"Conferenza del Campo Globale 2025"},"content":{"rendered":"\n<h1 class=\"wp-block-heading\">Primo Campo Globale bilingue<\/h1>\n\n<p>Il primo fine settimana di marzo, le iniziative di Campi Globali di tutta Europa e non solo si sono riunite per la quarta volta per sviluppare ulteriormente il lavoro educativo del nostro movimento e per pianificare passi comuni per il futuro. Quest&#8217;anno, per\u00f2, c&#8217;\u00e8 stata una novit\u00e0 significativa: per la prima volta, la conferenza si \u00e8 svolta in due lingue e ha riunito quasi 30 iniziative provenienti da sette paesi diversi.  Con quasi 60 partecipanti, la conferenza \u00e8 stata molto pi\u00f9 ampia rispetto alle precedenti. Lo scambio multilingue ha reso evidente la forte crescita del movimento e l&#8217;importanza del dialogo transfrontaliero per il successo del lavoro educativo a favore dell&#8217;agricoltura e dell&#8217;alimentazione sostenibili. <\/p>\n<div class=\"wp-block-image\">\n<figure class=\"aligncenter size-large is-resized\"><img decoding=\"async\" width=\"1024\" height=\"683\" src=\"https:\/\/www.2000m2.eu\/wp-content\/uploads\/Konferenz-Innsbruck-1024x683.jpg\" alt=\"Quasi 60 partecipanti alla conferenza di Innsbruck guardano nella macchina fotografica per una foto di gruppo. Sullo sfondo si vedono le Alpi innevate.   \" class=\"wp-image-6589\" style=\"width:498px;height:auto\" srcset=\"https:\/\/www.2000m2.eu\/wp-content\/uploads\/Konferenz-Innsbruck-1024x683.jpg 1024w, https:\/\/www.2000m2.eu\/wp-content\/uploads\/Konferenz-Innsbruck-300x200.jpg 300w, https:\/\/www.2000m2.eu\/wp-content\/uploads\/Konferenz-Innsbruck-768x512.jpg 768w, https:\/\/www.2000m2.eu\/wp-content\/uploads\/Konferenz-Innsbruck-1536x1024.jpg 1536w, https:\/\/www.2000m2.eu\/wp-content\/uploads\/Konferenz-Innsbruck-450x300.jpg 450w, https:\/\/www.2000m2.eu\/wp-content\/uploads\/Konferenz-Innsbruck.jpg 1920w\" sizes=\"(max-width: 1024px) 100vw, 1024px\" \/><figcaption class=\"wp-element-caption\">Quasi 60 creatori di Campi Globali insieme a Innsbruck (\u00a9Carrol Diehl)<\/figcaption><\/figure>\n<\/div>\n<h2 class=\"wp-block-heading\">Lancio pubblico<\/h2>\n\n<p>Insieme a numerose iniziative di Innsbruck, abbiamo lanciato la nostra conferenza con un evento pubblico di apertura: circa 100 persone sono accorse alla Haus der Begegnung Innsbruck. Con il titolo &#8220;La fame nell&#8217;abbondanza&#8221;, i relatori hanno fatto luce sulle disuguaglianze del nostro sistema agricolo e alimentare globale. Il fondatore di Weltacker, Benedikt H\u00e4rlin, e il sociologo agricolo di Innsbruck, Prof. Markus Schermer, hanno presentato in modo impressionante i fatti e le disfunzioni dell&#8217;agricoltura internazionale e austriaca. Una panoramica su temi quali la fame e la malnutrizione, il cambiamento climatico e la scomparsa delle aziende agricole ha chiarito al pubblico la necessit\u00e0 di una svolta globale dei nostri sistemi alimentari. Il lavoro educativo di Weltacker \u00e8 un pezzo importante del puzzle per affrontare questo compito per la societ\u00e0 nel suo complesso.     <\/p>\n\n<div class=\"wp-block-columns is-layout-flex wp-container-core-columns-is-layout-28f84493 wp-block-columns-is-layout-flex\">\n<div class=\"wp-block-column is-layout-flow wp-block-column-is-layout-flow\"><div class=\"wp-block-image\">\n<figure class=\"aligncenter size-large\"><img decoding=\"async\" width=\"1024\" height=\"768\" src=\"https:\/\/www.2000m2.eu\/wp-content\/uploads\/P1050250-min-1024x768.jpg\" alt=\"Si vede una sala eventi ben riempita. Di fronte, un uomo &#xE8; in piedi su un piccolo palco e sta tenendo una conferenza. \" class=\"wp-image-6608\" style=\"aspect-ratio:4\/3;object-fit:cover\" srcset=\"https:\/\/www.2000m2.eu\/wp-content\/uploads\/P1050250-min-1024x768.jpg 1024w, https:\/\/www.2000m2.eu\/wp-content\/uploads\/P1050250-min-300x225.jpg 300w, https:\/\/www.2000m2.eu\/wp-content\/uploads\/P1050250-min-768x576.jpg 768w, https:\/\/www.2000m2.eu\/wp-content\/uploads\/P1050250-min-1536x1152.jpg 1536w, https:\/\/www.2000m2.eu\/wp-content\/uploads\/P1050250-min.jpg 1920w\" sizes=\"(max-width: 1024px) 100vw, 1024px\" \/><figcaption class=\"wp-element-caption\">Il Prof. Schermer alla conferenza <br\/>(\u00a9Andreas-Christian Schr\u00f6der)<\/figcaption><\/figure>\n<\/div><\/div>\n\n\n\n<div class=\"wp-block-column is-layout-flow wp-block-column-is-layout-flow\"><div class=\"wp-block-image\">\n<figure class=\"aligncenter size-large\"><img decoding=\"async\" width=\"1024\" height=\"683\" src=\"https:\/\/www.2000m2.eu\/wp-content\/uploads\/20250302_0142-min-1024x683.jpg\" alt=\"Mercy Ambani sale sul palco e tiene un discorso. Sullo sfondo si vede una presentazione intitolata &quot;Campi Globali in Kenya&quot;. \" class=\"wp-image-6610\" style=\"aspect-ratio:4\/3;object-fit:cover\" srcset=\"https:\/\/www.2000m2.eu\/wp-content\/uploads\/20250302_0142-min-1024x683.jpg 1024w, https:\/\/www.2000m2.eu\/wp-content\/uploads\/20250302_0142-min-300x200.jpg 300w, https:\/\/www.2000m2.eu\/wp-content\/uploads\/20250302_0142-min-768x512.jpg 768w, https:\/\/www.2000m2.eu\/wp-content\/uploads\/20250302_0142-min-1536x1024.jpg 1536w, https:\/\/www.2000m2.eu\/wp-content\/uploads\/20250302_0142-min-450x300.jpg 450w, https:\/\/www.2000m2.eu\/wp-content\/uploads\/20250302_0142-min.jpg 1920w\" sizes=\"(max-width: 1024px) 100vw, 1024px\" \/><figcaption class=\"wp-element-caption\">Mercy Ambani riferisce dal Kenya (\u00a9Carroll Diehl)<\/figcaption><\/figure>\n<\/div><\/div>\n\n\n\n<div class=\"wp-block-column is-layout-flow wp-block-column-is-layout-flow\"><div class=\"wp-block-image\">\n<figure class=\"aligncenter size-large\"><img decoding=\"async\" width=\"1024\" height=\"683\" src=\"https:\/\/www.2000m2.eu\/wp-content\/uploads\/20250302_0038-min-1024x683.jpg\" alt=\"Quattro donne si trovano di fronte ad una mostra composta da cinque striscioni e parlano.\" class=\"wp-image-6606\" style=\"aspect-ratio:4\/3;object-fit:cover\" srcset=\"https:\/\/www.2000m2.eu\/wp-content\/uploads\/20250302_0038-min-1024x683.jpg 1024w, https:\/\/www.2000m2.eu\/wp-content\/uploads\/20250302_0038-min-300x200.jpg 300w, https:\/\/www.2000m2.eu\/wp-content\/uploads\/20250302_0038-min-768x512.jpg 768w, https:\/\/www.2000m2.eu\/wp-content\/uploads\/20250302_0038-min-1536x1024.jpg 1536w, https:\/\/www.2000m2.eu\/wp-content\/uploads\/20250302_0038-min-450x300.jpg 450w, https:\/\/www.2000m2.eu\/wp-content\/uploads\/20250302_0038-min.jpg 1920w\" sizes=\"(max-width: 1024px) 100vw, 1024px\" \/><figcaption class=\"wp-element-caption\">La mostra al Welthaus Innsbruck (\u00a9Carroll Diehl)<\/figcaption><\/figure>\n<\/div><\/div>\n<\/div>\n\n<p>In seguito, tre rappresentanti di vari Campi Global hanno presentato i loro approcci educativi: Saja Schreiber, che coltiva secondo la Dieta per la Salute Planetaria con il Weltacker di <a href=\"https:\/\/www.2000m2.eu\/de\/aecker\/osnabrueck\/\">Osnabr\u00fcck<\/a>, ha mostrato come il suo Campo Globale dimostri una versione futura della nostra dieta. Un momento particolare \u00e8 stato il contributo di Mercy Ambani del Seed Savers Network di Gilgil (Kenya), la prima rappresentante di un Campo Globale del Sud del mondo a partecipare alla conferenza. Ha raccontato come 2.000 metri quadrati di campi possano sfamare intere famiglie. Infine, Claudia Sacher del Weltacker di <a href=\"https:\/\/www.2000m2.eu\/de\/aecker\/innsbruck\/\">Innsbruck<\/a> \u00e8 tornata al classico Campo Globale, che riflette l&#8217;attuale agricoltura globale.    <\/p>\n\n<h2 class=\"wp-block-heading\"><strong>Dialogo intenso e nuove idee<\/strong><\/h2>\n\n<p>Sabato e domenica, i rappresentanti dei Campi Globali hanno avuto modo di dialogare intensamente tra loro. In numerosi gruppi di lavoro abbiamo sviluppato nuove idee per il lavoro educativo, condiviso le nostre esperienze e discusso su come organizzare e scambiare idee in futuro come movimento. Un&#8217;attenzione particolare \u00e8 stata rivolta allo sviluppo di progetti comuni e di progetti con i nostri partner del Sud Globale. Potete quindi aspettarvi numerosi nuovi progetti!    <\/p>\n\n<div class=\"wp-block-columns is-layout-flex wp-container-core-columns-is-layout-28f84493 wp-block-columns-is-layout-flex\">\n<div class=\"wp-block-column is-layout-flow wp-block-column-is-layout-flow\"><div class=\"wp-block-image\">\n<figure class=\"aligncenter size-large\"><img decoding=\"async\" width=\"1024\" height=\"768\" src=\"https:\/\/www.2000m2.eu\/wp-content\/uploads\/P1050271-min-1024x768.jpg\" alt=\"16 persone sedute in un cerchio di sedie discutono animatamente.\" class=\"wp-image-6618\" srcset=\"https:\/\/www.2000m2.eu\/wp-content\/uploads\/P1050271-min-1024x768.jpg 1024w, https:\/\/www.2000m2.eu\/wp-content\/uploads\/P1050271-min-300x225.jpg 300w, https:\/\/www.2000m2.eu\/wp-content\/uploads\/P1050271-min-768x576.jpg 768w, https:\/\/www.2000m2.eu\/wp-content\/uploads\/P1050271-min-1536x1152.jpg 1536w, https:\/\/www.2000m2.eu\/wp-content\/uploads\/P1050271-min.jpg 1920w\" sizes=\"(max-width: 1024px) 100vw, 1024px\" \/><figcaption class=\"wp-element-caption\">Dialogo nel gruppo di lavoro (\u00a9Andreas-Christian Schr\u00f6der)<\/figcaption><\/figure>\n<\/div><\/div>\n\n\n\n<div class=\"wp-block-column is-layout-flow wp-block-column-is-layout-flow\"><div class=\"wp-block-image\">\n<figure class=\"aligncenter size-large\"><img decoding=\"async\" width=\"1024\" height=\"683\" src=\"https:\/\/www.2000m2.eu\/wp-content\/uploads\/20250302_0208-min-1024x683.jpg\" alt=\"Due donne tengono in aria un telone di 5,5 metri quadrati, sul quale &#xE8; scritto &quot;Questi sono 5,5 metri quadrati&quot;. \" class=\"wp-image-6600\" style=\"aspect-ratio:4\/3;object-fit:cover\" srcset=\"https:\/\/www.2000m2.eu\/wp-content\/uploads\/20250302_0208-min-1024x683.jpg 1024w, https:\/\/www.2000m2.eu\/wp-content\/uploads\/20250302_0208-min-300x200.jpg 300w, https:\/\/www.2000m2.eu\/wp-content\/uploads\/20250302_0208-min-768x512.jpg 768w, https:\/\/www.2000m2.eu\/wp-content\/uploads\/20250302_0208-min-1536x1024.jpg 1536w, https:\/\/www.2000m2.eu\/wp-content\/uploads\/20250302_0208-min-450x300.jpg 450w, https:\/\/www.2000m2.eu\/wp-content\/uploads\/20250302_0208-min.jpg 1920w\" sizes=\"(max-width: 1024px) 100vw, 1024px\" \/><figcaption class=\"wp-element-caption\">Presentazione del &#8220;Weltacker2Go&#8221; (\u00a9Carroll Diehl)<\/figcaption><\/figure>\n<\/div><\/div>\n\n\n\n<div class=\"wp-block-column is-layout-flow wp-block-column-is-layout-flow\"><div class=\"wp-block-image\">\n<figure class=\"aligncenter size-large\"><img decoding=\"async\" width=\"1024\" height=\"768\" src=\"https:\/\/www.2000m2.eu\/wp-content\/uploads\/P1050268-min-1024x768.jpg\" alt=\"I partecipanti alla Conferenzadel Campo Globale siedono nella sala plenaria e ascoltano attentamente la presentazione.\" class=\"wp-image-6616\" srcset=\"https:\/\/www.2000m2.eu\/wp-content\/uploads\/P1050268-min-1024x768.jpg 1024w, https:\/\/www.2000m2.eu\/wp-content\/uploads\/P1050268-min-300x225.jpg 300w, https:\/\/www.2000m2.eu\/wp-content\/uploads\/P1050268-min-768x576.jpg 768w, https:\/\/www.2000m2.eu\/wp-content\/uploads\/P1050268-min-1536x1152.jpg 1536w, https:\/\/www.2000m2.eu\/wp-content\/uploads\/P1050268-min.jpg 1920w\" sizes=\"(max-width: 1024px) 100vw, 1024px\" \/><figcaption class=\"wp-element-caption\">Sessione plenaria<br\/>(\u00a9Andreas-Christian Schr\u00f6der)<\/figcaption><\/figure>\n<\/div><\/div>\n<\/div>\n\n<p>Alla fine della nostra conferenza, abbiamo visitato il Campo Globale di Innsbruck, un progetto impressionante nel centro della citt\u00e0. Qui l&#8217;intero quartiere sta collaborando in modo unico e il Campo Globale \u00e8 diventato un vero e proprio luogo di incontro.  <\/p>\n\n<p>\u00c8 stato un grande incontro che, come sempre, \u00e8 passato troppo velocemente. Tutti i partecipanti sono tornati ai loro progetti con nuove idee, nuove motivazioni e molti incarichi di lavoro. Vorremmo ringraziare i nostri partner di <g id=\"gid_0\">feld:schafft Innsbruck<\/g>, il cui grande supporto ha reso l&#8217;organizzazione della conferenza molto pi\u00f9 semplice per noi. La conferenza \u00e8 stata sostenuta anche dalla <a href=\"https:\/\/www.heidehof-stiftung.de\/\">Fondazione Heidehof<\/a>.   <\/p>\n\n<div class=\"wp-block-columns is-layout-flex wp-container-core-columns-is-layout-28f84493 wp-block-columns-is-layout-flex\">\n<div class=\"wp-block-column is-layout-flow wp-block-column-is-layout-flow\"><div class=\"wp-block-image\">\n<figure class=\"aligncenter size-large\"><img decoding=\"async\" width=\"1024\" height=\"576\" src=\"https:\/\/www.2000m2.eu\/wp-content\/uploads\/IMG-20250302-WA0010-min-1024x576.jpeg\" alt=\"All'ingresso del Campo Globale c'&#xE8; un cartello con la scritta &quot;Weltacker Innsbruck - Entra, dai un'occhiata in giro&quot;. Intorno ad esso ci sono numerose persone di altri Campi Globali con i bagagli. \" class=\"wp-image-6614\" style=\"aspect-ratio:4\/3;object-fit:cover\" srcset=\"https:\/\/www.2000m2.eu\/wp-content\/uploads\/IMG-20250302-WA0010-min-1024x576.jpeg 1024w, https:\/\/www.2000m2.eu\/wp-content\/uploads\/IMG-20250302-WA0010-min-300x169.jpeg 300w, https:\/\/www.2000m2.eu\/wp-content\/uploads\/IMG-20250302-WA0010-min-768x432.jpeg 768w, https:\/\/www.2000m2.eu\/wp-content\/uploads\/IMG-20250302-WA0010-min-1536x864.jpeg 1536w, https:\/\/www.2000m2.eu\/wp-content\/uploads\/IMG-20250302-WA0010-min.jpeg 1920w\" sizes=\"(max-width: 1024px) 100vw, 1024px\" \/><figcaption class=\"wp-element-caption\">Visita al Campo Globale di Innsbruck <br\/>(\u00a9Andreas-Christian Schr\u00f6der)<\/figcaption><\/figure>\n<\/div><\/div>\n\n\n\n<div class=\"wp-block-column is-layout-flow wp-block-column-is-layout-flow\"><div class=\"wp-block-image\">\n<figure class=\"aligncenter size-large\"><img decoding=\"async\" width=\"1024\" height=\"576\" src=\"https:\/\/www.2000m2.eu\/wp-content\/uploads\/IMG-20250302-WA0008-min-1024x576.jpeg\" alt=\"Circondato da grattacieli e adiacente a un campo da calcio, puoi vedere il Campo Globale di Innsbruck.\" class=\"wp-image-6612\" style=\"aspect-ratio:4\/3;object-fit:cover\" srcset=\"https:\/\/www.2000m2.eu\/wp-content\/uploads\/IMG-20250302-WA0008-min-1024x576.jpeg 1024w, https:\/\/www.2000m2.eu\/wp-content\/uploads\/IMG-20250302-WA0008-min-300x169.jpeg 300w, https:\/\/www.2000m2.eu\/wp-content\/uploads\/IMG-20250302-WA0008-min-768x432.jpeg 768w, https:\/\/www.2000m2.eu\/wp-content\/uploads\/IMG-20250302-WA0008-min-1536x864.jpeg 1536w, https:\/\/www.2000m2.eu\/wp-content\/uploads\/IMG-20250302-WA0008-min.jpeg 1920w\" sizes=\"(max-width: 1024px) 100vw, 1024px\" \/><figcaption class=\"wp-element-caption\">Il Campo Globale nel centro della zona residenziale<br\/>(\u00a9Andreas-Christian Schr\u00f6der)<\/figcaption><\/figure>\n<\/div><\/div>\n<\/div>\n\n<p><\/p>\n","protected":false},"excerpt":{"rendered":"<p>Il primo fine settimana di marzo, i Campi Globali di tutta Europa e non solo si sono riuniti per la quarta volta per sviluppare ulteriormente il lavoro educativo del nostro movimento e per pianificare i passi comuni per il futuro. Ma quest&#8217;anno c&#8217;\u00e8 stata una novit\u00e0 significativa. &#8230;<\/p>\n","protected":false},"author":6,"featured_media":23714,"comment_status":"closed","ping_status":"open","sticky":false,"template":"","format":"standard","meta":{"footnotes":""},"categories":[90],"tags":[],"class_list":["post-25749","post","type-post","status-publish","format-standard","has-post-thumbnail","hentry","category-senza-categoria"],"yoast_head":"<!-- This site is optimized with the Yoast SEO plugin v27.4 - https:\/\/yoast.com\/product\/yoast-seo-wordpress\/ -->\n<title>Conferenza del Campo Globale 2025 - 2000m2<\/title>\n<meta name=\"robots\" content=\"index, follow, max-snippet:-1, max-image-preview:large, max-video-preview:-1\" \/>\n<link rel=\"canonical\" href=\"https:\/\/www.2000m2.eu\/it\/senza-categoria\/conferenza-del-campo-globale-2025\/\" \/>\n<meta property=\"og:locale\" content=\"it_IT\" \/>\n<meta property=\"og:type\" content=\"article\" \/>\n<meta property=\"og:title\" content=\"Conferenza del Campo Globale 2025 - 2000m2\" \/>\n<meta property=\"og:description\" content=\"Il primo fine settimana di marzo, i Campi Globali di tutta Europa e non solo si sono riuniti per la quarta volta per sviluppare ulteriormente il lavoro educativo del nostro movimento e per pianificare i passi comuni per il futuro. Ma quest&#039;anno c&#039;\u00e8 stata una novit\u00e0 significativa. ...\" \/>\n<meta property=\"og:url\" content=\"https:\/\/www.2000m2.eu\/it\/senza-categoria\/conferenza-del-campo-globale-2025\/\" \/>\n<meta property=\"og:site_name\" content=\"2000m2\" \/>\n<meta property=\"article:published_time\" content=\"2025-03-11T22:10:10+00:00\" \/>\n<meta property=\"article:modified_time\" content=\"2025-12-05T15:30:40+00:00\" \/>\n<meta property=\"og:image\" content=\"https:\/\/www.2000m2.eu\/wp-content\/uploads\/Konferenz-Innsbruck.jpg\" \/>\n\t<meta property=\"og:image:width\" content=\"1920\" \/>\n\t<meta property=\"og:image:height\" content=\"1280\" \/>\n\t<meta property=\"og:image:type\" content=\"image\/jpeg\" \/>\n<meta name=\"author\" content=\"Jasper Jordan\" \/>\n<meta name=\"twitter:card\" content=\"summary_large_image\" \/>\n<meta name=\"twitter:label1\" content=\"Scritto da\" \/>\n\t<meta name=\"twitter:data1\" content=\"Jasper Jordan\" \/>\n\t<meta name=\"twitter:label2\" content=\"Tempo di lettura stimato\" \/>\n\t<meta name=\"twitter:data2\" content=\"3 minuti\" \/>\n<script type=\"application\/ld+json\" class=\"yoast-schema-graph\">{\"@context\":\"https:\\\/\\\/schema.org\",\"@graph\":[{\"@type\":\"Article\",\"@id\":\"https:\\\/\\\/www.2000m2.eu\\\/it\\\/senza-categoria\\\/conferenza-del-campo-globale-2025\\\/#article\",\"isPartOf\":{\"@id\":\"https:\\\/\\\/www.2000m2.eu\\\/it\\\/senza-categoria\\\/conferenza-del-campo-globale-2025\\\/\"},\"author\":{\"name\":\"Jasper Jordan\",\"@id\":\"https:\\\/\\\/www.2000m2.eu\\\/it\\\/#\\\/schema\\\/person\\\/a80e7d7fb66f3a63785c9c41ca271fd9\"},\"headline\":\"Conferenza del Campo Globale 2025\",\"datePublished\":\"2025-03-11T22:10:10+00:00\",\"dateModified\":\"2025-12-05T15:30:40+00:00\",\"mainEntityOfPage\":{\"@id\":\"https:\\\/\\\/www.2000m2.eu\\\/it\\\/senza-categoria\\\/conferenza-del-campo-globale-2025\\\/\"},\"wordCount\":606,\"publisher\":{\"@id\":\"https:\\\/\\\/www.2000m2.eu\\\/it\\\/#organization\"},\"image\":{\"@id\":\"https:\\\/\\\/www.2000m2.eu\\\/it\\\/senza-categoria\\\/conferenza-del-campo-globale-2025\\\/#primaryimage\"},\"thumbnailUrl\":\"https:\\\/\\\/www.2000m2.eu\\\/wp-content\\\/uploads\\\/Konferenz-Innsbruck.jpg\",\"inLanguage\":\"it-IT\"},{\"@type\":\"WebPage\",\"@id\":\"https:\\\/\\\/www.2000m2.eu\\\/it\\\/senza-categoria\\\/conferenza-del-campo-globale-2025\\\/\",\"url\":\"https:\\\/\\\/www.2000m2.eu\\\/it\\\/senza-categoria\\\/conferenza-del-campo-globale-2025\\\/\",\"name\":\"Conferenza del Campo Globale 2025 - 2000m2\",\"isPartOf\":{\"@id\":\"https:\\\/\\\/www.2000m2.eu\\\/it\\\/#website\"},\"primaryImageOfPage\":{\"@id\":\"https:\\\/\\\/www.2000m2.eu\\\/it\\\/senza-categoria\\\/conferenza-del-campo-globale-2025\\\/#primaryimage\"},\"image\":{\"@id\":\"https:\\\/\\\/www.2000m2.eu\\\/it\\\/senza-categoria\\\/conferenza-del-campo-globale-2025\\\/#primaryimage\"},\"thumbnailUrl\":\"https:\\\/\\\/www.2000m2.eu\\\/wp-content\\\/uploads\\\/Konferenz-Innsbruck.jpg\",\"datePublished\":\"2025-03-11T22:10:10+00:00\",\"dateModified\":\"2025-12-05T15:30:40+00:00\",\"breadcrumb\":{\"@id\":\"https:\\\/\\\/www.2000m2.eu\\\/it\\\/senza-categoria\\\/conferenza-del-campo-globale-2025\\\/#breadcrumb\"},\"inLanguage\":\"it-IT\",\"potentialAction\":[{\"@type\":\"ReadAction\",\"target\":[\"https:\\\/\\\/www.2000m2.eu\\\/it\\\/senza-categoria\\\/conferenza-del-campo-globale-2025\\\/\"]}]},{\"@type\":\"ImageObject\",\"inLanguage\":\"it-IT\",\"@id\":\"https:\\\/\\\/www.2000m2.eu\\\/it\\\/senza-categoria\\\/conferenza-del-campo-globale-2025\\\/#primaryimage\",\"url\":\"https:\\\/\\\/www.2000m2.eu\\\/wp-content\\\/uploads\\\/Konferenz-Innsbruck.jpg\",\"contentUrl\":\"https:\\\/\\\/www.2000m2.eu\\\/wp-content\\\/uploads\\\/Konferenz-Innsbruck.jpg\",\"width\":1920,\"height\":1280,\"caption\":\"Fast 60 Teilnehmende der Konferenz in Innsbruck blicken f\u00fcr ein Gruppenfoto in die Kamera. Im Hintergrund sind die schneebedeckten Alpen zu sehen.\"},{\"@type\":\"BreadcrumbList\",\"@id\":\"https:\\\/\\\/www.2000m2.eu\\\/it\\\/senza-categoria\\\/conferenza-del-campo-globale-2025\\\/#breadcrumb\",\"itemListElement\":[{\"@type\":\"ListItem\",\"position\":1,\"name\":\"Home\",\"item\":\"https:\\\/\\\/www.2000m2.eu\\\/it\\\/\"},{\"@type\":\"ListItem\",\"position\":2,\"name\":\"Conferenza del Campo Globale 2025\"}]},{\"@type\":\"WebSite\",\"@id\":\"https:\\\/\\\/www.2000m2.eu\\\/it\\\/#website\",\"url\":\"https:\\\/\\\/www.2000m2.eu\\\/it\\\/\",\"name\":\"2000m2\",\"description\":\"\",\"publisher\":{\"@id\":\"https:\\\/\\\/www.2000m2.eu\\\/it\\\/#organization\"},\"potentialAction\":[{\"@type\":\"SearchAction\",\"target\":{\"@type\":\"EntryPoint\",\"urlTemplate\":\"https:\\\/\\\/www.2000m2.eu\\\/it\\\/?s={search_term_string}\"},\"query-input\":{\"@type\":\"PropertyValueSpecification\",\"valueRequired\":true,\"valueName\":\"search_term_string\"}}],\"inLanguage\":\"it-IT\"},{\"@type\":\"Organization\",\"@id\":\"https:\\\/\\\/www.2000m2.eu\\\/it\\\/#organization\",\"name\":\"2000m2\",\"url\":\"https:\\\/\\\/www.2000m2.eu\\\/it\\\/\",\"logo\":{\"@type\":\"ImageObject\",\"inLanguage\":\"it-IT\",\"@id\":\"https:\\\/\\\/www.2000m2.eu\\\/it\\\/#\\\/schema\\\/logo\\\/image\\\/\",\"url\":\"https:\\\/\\\/www.2000m2.eu\\\/wp-content\\\/uploads\\\/logo.png\",\"contentUrl\":\"https:\\\/\\\/www.2000m2.eu\\\/wp-content\\\/uploads\\\/logo.png\",\"width\":445,\"height\":140,\"caption\":\"2000m2\"},\"image\":{\"@id\":\"https:\\\/\\\/www.2000m2.eu\\\/it\\\/#\\\/schema\\\/logo\\\/image\\\/\"}},{\"@type\":\"Person\",\"@id\":\"https:\\\/\\\/www.2000m2.eu\\\/it\\\/#\\\/schema\\\/person\\\/a80e7d7fb66f3a63785c9c41ca271fd9\",\"name\":\"Jasper Jordan\",\"url\":\"https:\\\/\\\/www.2000m2.eu\\\/it\\\/author\\\/jasper-jordan\\\/\"}]}<\/script>\n<!-- \/ Yoast SEO plugin. -->","yoast_head_json":{"title":"Conferenza del Campo Globale 2025 - 2000m2","robots":{"index":"index","follow":"follow","max-snippet":"max-snippet:-1","max-image-preview":"max-image-preview:large","max-video-preview":"max-video-preview:-1"},"canonical":"https:\/\/www.2000m2.eu\/it\/senza-categoria\/conferenza-del-campo-globale-2025\/","og_locale":"it_IT","og_type":"article","og_title":"Conferenza del Campo Globale 2025 - 2000m2","og_description":"Il primo fine settimana di marzo, i Campi Globali di tutta Europa e non solo si sono riuniti per la quarta volta per sviluppare ulteriormente il lavoro educativo del nostro movimento e per pianificare i passi comuni per il futuro. Ma quest'anno c'\u00e8 stata una novit\u00e0 significativa. ...","og_url":"https:\/\/www.2000m2.eu\/it\/senza-categoria\/conferenza-del-campo-globale-2025\/","og_site_name":"2000m2","article_published_time":"2025-03-11T22:10:10+00:00","article_modified_time":"2025-12-05T15:30:40+00:00","og_image":[{"width":1920,"height":1280,"url":"https:\/\/www.2000m2.eu\/wp-content\/uploads\/Konferenz-Innsbruck.jpg","type":"image\/jpeg"}],"author":"Jasper Jordan","twitter_card":"summary_large_image","twitter_misc":{"Scritto da":"Jasper Jordan","Tempo di lettura stimato":"3 minuti"},"schema":{"@context":"https:\/\/schema.org","@graph":[{"@type":"Article","@id":"https:\/\/www.2000m2.eu\/it\/senza-categoria\/conferenza-del-campo-globale-2025\/#article","isPartOf":{"@id":"https:\/\/www.2000m2.eu\/it\/senza-categoria\/conferenza-del-campo-globale-2025\/"},"author":{"name":"Jasper Jordan","@id":"https:\/\/www.2000m2.eu\/it\/#\/schema\/person\/a80e7d7fb66f3a63785c9c41ca271fd9"},"headline":"Conferenza del Campo Globale 2025","datePublished":"2025-03-11T22:10:10+00:00","dateModified":"2025-12-05T15:30:40+00:00","mainEntityOfPage":{"@id":"https:\/\/www.2000m2.eu\/it\/senza-categoria\/conferenza-del-campo-globale-2025\/"},"wordCount":606,"publisher":{"@id":"https:\/\/www.2000m2.eu\/it\/#organization"},"image":{"@id":"https:\/\/www.2000m2.eu\/it\/senza-categoria\/conferenza-del-campo-globale-2025\/#primaryimage"},"thumbnailUrl":"https:\/\/www.2000m2.eu\/wp-content\/uploads\/Konferenz-Innsbruck.jpg","inLanguage":"it-IT"},{"@type":"WebPage","@id":"https:\/\/www.2000m2.eu\/it\/senza-categoria\/conferenza-del-campo-globale-2025\/","url":"https:\/\/www.2000m2.eu\/it\/senza-categoria\/conferenza-del-campo-globale-2025\/","name":"Conferenza del Campo Globale 2025 - 2000m2","isPartOf":{"@id":"https:\/\/www.2000m2.eu\/it\/#website"},"primaryImageOfPage":{"@id":"https:\/\/www.2000m2.eu\/it\/senza-categoria\/conferenza-del-campo-globale-2025\/#primaryimage"},"image":{"@id":"https:\/\/www.2000m2.eu\/it\/senza-categoria\/conferenza-del-campo-globale-2025\/#primaryimage"},"thumbnailUrl":"https:\/\/www.2000m2.eu\/wp-content\/uploads\/Konferenz-Innsbruck.jpg","datePublished":"2025-03-11T22:10:10+00:00","dateModified":"2025-12-05T15:30:40+00:00","breadcrumb":{"@id":"https:\/\/www.2000m2.eu\/it\/senza-categoria\/conferenza-del-campo-globale-2025\/#breadcrumb"},"inLanguage":"it-IT","potentialAction":[{"@type":"ReadAction","target":["https:\/\/www.2000m2.eu\/it\/senza-categoria\/conferenza-del-campo-globale-2025\/"]}]},{"@type":"ImageObject","inLanguage":"it-IT","@id":"https:\/\/www.2000m2.eu\/it\/senza-categoria\/conferenza-del-campo-globale-2025\/#primaryimage","url":"https:\/\/www.2000m2.eu\/wp-content\/uploads\/Konferenz-Innsbruck.jpg","contentUrl":"https:\/\/www.2000m2.eu\/wp-content\/uploads\/Konferenz-Innsbruck.jpg","width":1920,"height":1280,"caption":"Fast 60 Teilnehmende der Konferenz in Innsbruck blicken f\u00fcr ein Gruppenfoto in die Kamera. Im Hintergrund sind die schneebedeckten Alpen zu sehen."},{"@type":"BreadcrumbList","@id":"https:\/\/www.2000m2.eu\/it\/senza-categoria\/conferenza-del-campo-globale-2025\/#breadcrumb","itemListElement":[{"@type":"ListItem","position":1,"name":"Home","item":"https:\/\/www.2000m2.eu\/it\/"},{"@type":"ListItem","position":2,"name":"Conferenza del Campo Globale 2025"}]},{"@type":"WebSite","@id":"https:\/\/www.2000m2.eu\/it\/#website","url":"https:\/\/www.2000m2.eu\/it\/","name":"2000m2","description":"","publisher":{"@id":"https:\/\/www.2000m2.eu\/it\/#organization"},"potentialAction":[{"@type":"SearchAction","target":{"@type":"EntryPoint","urlTemplate":"https:\/\/www.2000m2.eu\/it\/?s={search_term_string}"},"query-input":{"@type":"PropertyValueSpecification","valueRequired":true,"valueName":"search_term_string"}}],"inLanguage":"it-IT"},{"@type":"Organization","@id":"https:\/\/www.2000m2.eu\/it\/#organization","name":"2000m2","url":"https:\/\/www.2000m2.eu\/it\/","logo":{"@type":"ImageObject","inLanguage":"it-IT","@id":"https:\/\/www.2000m2.eu\/it\/#\/schema\/logo\/image\/","url":"https:\/\/www.2000m2.eu\/wp-content\/uploads\/logo.png","contentUrl":"https:\/\/www.2000m2.eu\/wp-content\/uploads\/logo.png","width":445,"height":140,"caption":"2000m2"},"image":{"@id":"https:\/\/www.2000m2.eu\/it\/#\/schema\/logo\/image\/"}},{"@type":"Person","@id":"https:\/\/www.2000m2.eu\/it\/#\/schema\/person\/a80e7d7fb66f3a63785c9c41ca271fd9","name":"Jasper Jordan","url":"https:\/\/www.2000m2.eu\/it\/author\/jasper-jordan\/"}]}},"_links":{"self":[{"href":"https:\/\/www.2000m2.eu\/it\/wp-json\/wp\/v2\/posts\/25749","targetHints":{"allow":["GET"]}}],"collection":[{"href":"https:\/\/www.2000m2.eu\/it\/wp-json\/wp\/v2\/posts"}],"about":[{"href":"https:\/\/www.2000m2.eu\/it\/wp-json\/wp\/v2\/types\/post"}],"author":[{"embeddable":true,"href":"https:\/\/www.2000m2.eu\/it\/wp-json\/wp\/v2\/users\/6"}],"replies":[{"embeddable":true,"href":"https:\/\/www.2000m2.eu\/it\/wp-json\/wp\/v2\/comments?post=25749"}],"version-history":[{"count":1,"href":"https:\/\/www.2000m2.eu\/it\/wp-json\/wp\/v2\/posts\/25749\/revisions"}],"predecessor-version":[{"id":25750,"href":"https:\/\/www.2000m2.eu\/it\/wp-json\/wp\/v2\/posts\/25749\/revisions\/25750"}],"wp:featuredmedia":[{"embeddable":true,"href":"https:\/\/www.2000m2.eu\/it\/wp-json\/wp\/v2\/media\/23714"}],"wp:attachment":[{"href":"https:\/\/www.2000m2.eu\/it\/wp-json\/wp\/v2\/media?parent=25749"}],"wp:term":[{"taxonomy":"category","embeddable":true,"href":"https:\/\/www.2000m2.eu\/it\/wp-json\/wp\/v2\/categories?post=25749"},{"taxonomy":"post_tag","embeddable":true,"href":"https:\/\/www.2000m2.eu\/it\/wp-json\/wp\/v2\/tags?post=25749"}],"curies":[{"name":"wp","href":"https:\/\/api.w.org\/{rel}","templated":true}]}}