{"id":25761,"date":"2024-10-10T10:21:00","date_gmt":"2024-10-10T10:21:00","guid":{"rendered":"https:\/\/www.2000m2.eu\/senza-categoria\/giornata-mondiale-dellalimentazione\/"},"modified":"2025-12-05T16:04:09","modified_gmt":"2025-12-05T16:04:09","slug":"giornata-mondiale-dellalimentazione","status":"publish","type":"post","link":"https:\/\/www.2000m2.eu\/it\/svizzera\/giornata-mondiale-dellalimentazione\/","title":{"rendered":"Giornata mondiale dell&#8217;alimentazione"},"content":{"rendered":"\n<h1 class=\"wp-block-heading\">Giornata mondiale dell&#8217;alimentazione 2024, potere e mercato  <\/h1>\n\n<p>I nostri sistemi alimentari riflettono le relazioni di potere globali. Abbiamo l&#8217;opportunit\u00e0 di utilizzare approcci locali, trasparenti e agroecologici per promuovere la decolonizzazione del sistema alimentare a livello regionale, nazionale e internazionale. Esistono proposte concrete e progetti pilota di successo per allontanarsi dalla conglomerazione di potere e passare a una maggiore democrazia.    <\/p>\n\n<p>La conferenza della Giornata mondiale dell&#8217;alimentazione mostrer\u00e0 come la transizione possa essere avviata a tutti i livelli. Verranno inoltre discussi i vantaggi e gli svantaggi dei vari approcci. <\/p>\n\n<p>La giornata \u00e8 divisa in tre blocchi tematici:<\/p>\n\n<ol class=\"wp-block-list\">\n<li><strong>Commercio e potere.<\/strong>  Come pu\u00f2 la Svizzera utilizzare il suo potere per promuovere i valori fondamentali e gli SDG nei paesi partner?<\/li>\n\n\n\n<li><strong>Monopoli e monoculture.<\/strong> Chi decide cosa si trova sui nostri scaffali e quali conseguenze ha il nostro consumo sulle popolazioni del Sud Globale?<\/li>\n\n\n\n<li><strong>Approcci agroecologici e sistemi alimentari locali<\/strong>. Come possiamo prendere il controllo del nostro cibo? <\/li>\n<\/ol>\n\n<p>La conferenza si terr\u00e0 mercoled\u00ec 16 ottobre dalle 9.30 alle 17.15 presso il <a href=\"https:\/\/www.progr.ch\/de\/kontakt\/lageplan\/\">PROGR<\/a> di Berna. La partecipazione \u00e8 gratuita (\u00e8 gradito un contributo alle spese). Per iscrizioni e ulteriori informazioni: <a href=\"https:\/\/l.facebook.com\/l.php?u=https%3A%2F%2Fwelternaehrungstag.ch%2F&amp;h=AT0mzMH2FayPY-KQ-hIKm5LdNuYgr-kmKF4Qz2cbUFvemqgYM36lfiOgO-h0-4eeUnDbDpe-fPXSrGRG7jhppULbJTNEnczBRG38Tu2it0m6gSkmt7Z63dE-Fe3ik-1YlN-Sm9pQCwsyBhYa_F7enSdOTg&amp;__tn__=-UK-R&amp;c%5B0%5D=AT1OGiV6hbFYqaObgTQMjsSylNXfojsDdPD-LA_riY_ukQQ1OfMxEHNhWx2w8xPHS6qtaMP0ztNrSm1lT8gNHWeTDvm0SgeoesfBJuGiiC__zkwgJ4enWz91AxXHe7L0RUNVHuiYjS4itx3xG5HSREqbfILc4whvPld9uIpuSi6gkV5lrXplkPAHHrF29NxFX7QHPXMheTaWuIKUAknZqZd5ANw\">https:\/\/welternaehrungstag.ch\/<\/a> Weltacker Schweiz sostiene finanziariamente la conferenza e ha calcolato il consumo di terra del pranzo offerto.    <\/p>\n\n<figure class=\"wp-block-image size-full\"><img decoding=\"async\" width=\"300\" height=\"300\" src=\"https:\/\/www.2000m2.eu\/wp-content\/uploads\/MachtUndMarkt_Insta_1080-300x300-1.jpg\" alt=\"Volantino informativo della Giornata mondiale dell'alimentazione\" class=\"wp-image-1812\"\/><\/figure>\n","protected":false},"excerpt":{"rendered":"<p>I nostri sistemi alimentari riflettono le relazioni di potere globali. Abbiamo la possibilit\u00e0 di utilizzare approcci locali, trasparenti e agroecologici per promuovere la decolonizzazione del sistema alimentare a livello regionale, nazionale e internazionale. La conferenza della Giornata Mondiale dell&#8217;Alimentazione mostrer\u00e0 come la transizione possa essere avviata a tutti i livelli.    &#8230;<\/p>\n","protected":false},"author":3,"featured_media":23278,"comment_status":"closed","ping_status":"open","sticky":false,"template":"","format":"standard","meta":{"footnotes":""},"categories":[297],"tags":[],"class_list":["post-25761","post","type-post","status-publish","format-standard","has-post-thumbnail","hentry","category-svizzera"],"yoast_head":"<!-- This site is optimized with the Yoast SEO plugin v27.4 - https:\/\/yoast.com\/product\/yoast-seo-wordpress\/ -->\n<title>Giornata mondiale dell&#039;alimentazione - 2000m2<\/title>\n<meta name=\"robots\" content=\"index, follow, max-snippet:-1, max-image-preview:large, max-video-preview:-1\" \/>\n<link rel=\"canonical\" href=\"https:\/\/www.2000m2.eu\/it\/svizzera\/giornata-mondiale-dellalimentazione\/\" \/>\n<meta property=\"og:locale\" content=\"it_IT\" \/>\n<meta property=\"og:type\" content=\"article\" \/>\n<meta property=\"og:title\" content=\"Giornata mondiale dell&#039;alimentazione - 2000m2\" \/>\n<meta property=\"og:description\" content=\"I nostri sistemi alimentari riflettono le relazioni di potere globali. Abbiamo la possibilit\u00e0 di utilizzare approcci locali, trasparenti e agroecologici per promuovere la decolonizzazione del sistema alimentare a livello regionale, nazionale e internazionale. La conferenza della Giornata Mondiale dell&#039;Alimentazione mostrer\u00e0 come la transizione possa essere avviata a tutti i livelli.  ...\" \/>\n<meta property=\"og:url\" content=\"https:\/\/www.2000m2.eu\/it\/svizzera\/giornata-mondiale-dellalimentazione\/\" \/>\n<meta property=\"og:site_name\" content=\"2000m2\" \/>\n<meta property=\"article:published_time\" content=\"2024-10-10T10:21:00+00:00\" \/>\n<meta property=\"article:modified_time\" content=\"2025-12-05T16:04:09+00:00\" \/>\n<meta property=\"og:image\" content=\"https:\/\/www.2000m2.eu\/wp-content\/uploads\/MachtUndMarkt_Insta_1080-300x300-1.jpg\" \/>\n\t<meta property=\"og:image:width\" content=\"300\" \/>\n\t<meta property=\"og:image:height\" content=\"300\" \/>\n\t<meta property=\"og:image:type\" content=\"image\/jpeg\" \/>\n<meta name=\"author\" content=\"St\u00e9phanie W\u00fcrth\" \/>\n<meta name=\"twitter:card\" content=\"summary_large_image\" \/>\n<meta name=\"twitter:label1\" content=\"Scritto da\" \/>\n\t<meta name=\"twitter:data1\" content=\"St\u00e9phanie W\u00fcrth\" \/>\n\t<meta name=\"twitter:label2\" content=\"Tempo di lettura stimato\" \/>\n\t<meta name=\"twitter:data2\" content=\"1 minuto\" \/>\n<script type=\"application\/ld+json\" class=\"yoast-schema-graph\">{\"@context\":\"https:\\\/\\\/schema.org\",\"@graph\":[{\"@type\":\"Article\",\"@id\":\"https:\\\/\\\/www.2000m2.eu\\\/it\\\/svizzera\\\/giornata-mondiale-dellalimentazione\\\/#article\",\"isPartOf\":{\"@id\":\"https:\\\/\\\/www.2000m2.eu\\\/it\\\/svizzera\\\/giornata-mondiale-dellalimentazione\\\/\"},\"author\":{\"name\":\"St\u00e9phanie W\u00fcrth\",\"@id\":\"https:\\\/\\\/www.2000m2.eu\\\/it\\\/#\\\/schema\\\/person\\\/3d02596171b6ba549800d3e5cb04862f\"},\"headline\":\"Giornata mondiale dell&#8217;alimentazione\",\"datePublished\":\"2024-10-10T10:21:00+00:00\",\"dateModified\":\"2025-12-05T16:04:09+00:00\",\"mainEntityOfPage\":{\"@id\":\"https:\\\/\\\/www.2000m2.eu\\\/it\\\/svizzera\\\/giornata-mondiale-dellalimentazione\\\/\"},\"wordCount\":204,\"publisher\":{\"@id\":\"https:\\\/\\\/www.2000m2.eu\\\/it\\\/#organization\"},\"image\":{\"@id\":\"https:\\\/\\\/www.2000m2.eu\\\/it\\\/svizzera\\\/giornata-mondiale-dellalimentazione\\\/#primaryimage\"},\"thumbnailUrl\":\"https:\\\/\\\/www.2000m2.eu\\\/wp-content\\\/uploads\\\/MachtUndMarkt_Insta_1080-300x300-1.jpg\",\"articleSection\":[\"Svizzera\"],\"inLanguage\":\"it-IT\"},{\"@type\":\"WebPage\",\"@id\":\"https:\\\/\\\/www.2000m2.eu\\\/it\\\/svizzera\\\/giornata-mondiale-dellalimentazione\\\/\",\"url\":\"https:\\\/\\\/www.2000m2.eu\\\/it\\\/svizzera\\\/giornata-mondiale-dellalimentazione\\\/\",\"name\":\"Giornata mondiale dell'alimentazione - 2000m2\",\"isPartOf\":{\"@id\":\"https:\\\/\\\/www.2000m2.eu\\\/it\\\/#website\"},\"primaryImageOfPage\":{\"@id\":\"https:\\\/\\\/www.2000m2.eu\\\/it\\\/svizzera\\\/giornata-mondiale-dellalimentazione\\\/#primaryimage\"},\"image\":{\"@id\":\"https:\\\/\\\/www.2000m2.eu\\\/it\\\/svizzera\\\/giornata-mondiale-dellalimentazione\\\/#primaryimage\"},\"thumbnailUrl\":\"https:\\\/\\\/www.2000m2.eu\\\/wp-content\\\/uploads\\\/MachtUndMarkt_Insta_1080-300x300-1.jpg\",\"datePublished\":\"2024-10-10T10:21:00+00:00\",\"dateModified\":\"2025-12-05T16:04:09+00:00\",\"breadcrumb\":{\"@id\":\"https:\\\/\\\/www.2000m2.eu\\\/it\\\/svizzera\\\/giornata-mondiale-dellalimentazione\\\/#breadcrumb\"},\"inLanguage\":\"it-IT\",\"potentialAction\":[{\"@type\":\"ReadAction\",\"target\":[\"https:\\\/\\\/www.2000m2.eu\\\/it\\\/svizzera\\\/giornata-mondiale-dellalimentazione\\\/\"]}]},{\"@type\":\"ImageObject\",\"inLanguage\":\"it-IT\",\"@id\":\"https:\\\/\\\/www.2000m2.eu\\\/it\\\/svizzera\\\/giornata-mondiale-dellalimentazione\\\/#primaryimage\",\"url\":\"https:\\\/\\\/www.2000m2.eu\\\/wp-content\\\/uploads\\\/MachtUndMarkt_Insta_1080-300x300-1.jpg\",\"contentUrl\":\"https:\\\/\\\/www.2000m2.eu\\\/wp-content\\\/uploads\\\/MachtUndMarkt_Insta_1080-300x300-1.jpg\",\"width\":300,\"height\":300},{\"@type\":\"BreadcrumbList\",\"@id\":\"https:\\\/\\\/www.2000m2.eu\\\/it\\\/svizzera\\\/giornata-mondiale-dellalimentazione\\\/#breadcrumb\",\"itemListElement\":[{\"@type\":\"ListItem\",\"position\":1,\"name\":\"Home\",\"item\":\"https:\\\/\\\/www.2000m2.eu\\\/it\\\/\"},{\"@type\":\"ListItem\",\"position\":2,\"name\":\"Giornata mondiale dell&#8217;alimentazione\"}]},{\"@type\":\"WebSite\",\"@id\":\"https:\\\/\\\/www.2000m2.eu\\\/it\\\/#website\",\"url\":\"https:\\\/\\\/www.2000m2.eu\\\/it\\\/\",\"name\":\"2000m2\",\"description\":\"\",\"publisher\":{\"@id\":\"https:\\\/\\\/www.2000m2.eu\\\/it\\\/#organization\"},\"potentialAction\":[{\"@type\":\"SearchAction\",\"target\":{\"@type\":\"EntryPoint\",\"urlTemplate\":\"https:\\\/\\\/www.2000m2.eu\\\/it\\\/?s={search_term_string}\"},\"query-input\":{\"@type\":\"PropertyValueSpecification\",\"valueRequired\":true,\"valueName\":\"search_term_string\"}}],\"inLanguage\":\"it-IT\"},{\"@type\":\"Organization\",\"@id\":\"https:\\\/\\\/www.2000m2.eu\\\/it\\\/#organization\",\"name\":\"2000m2\",\"url\":\"https:\\\/\\\/www.2000m2.eu\\\/it\\\/\",\"logo\":{\"@type\":\"ImageObject\",\"inLanguage\":\"it-IT\",\"@id\":\"https:\\\/\\\/www.2000m2.eu\\\/it\\\/#\\\/schema\\\/logo\\\/image\\\/\",\"url\":\"https:\\\/\\\/www.2000m2.eu\\\/wp-content\\\/uploads\\\/logo.png\",\"contentUrl\":\"https:\\\/\\\/www.2000m2.eu\\\/wp-content\\\/uploads\\\/logo.png\",\"width\":445,\"height\":140,\"caption\":\"2000m2\"},\"image\":{\"@id\":\"https:\\\/\\\/www.2000m2.eu\\\/it\\\/#\\\/schema\\\/logo\\\/image\\\/\"}},{\"@type\":\"Person\",\"@id\":\"https:\\\/\\\/www.2000m2.eu\\\/it\\\/#\\\/schema\\\/person\\\/3d02596171b6ba549800d3e5cb04862f\",\"name\":\"St\u00e9phanie W\u00fcrth\",\"url\":\"https:\\\/\\\/www.2000m2.eu\\\/it\\\/author\\\/steffi\\\/\"}]}<\/script>\n<!-- \/ Yoast SEO plugin. -->","yoast_head_json":{"title":"Giornata mondiale dell'alimentazione - 2000m2","robots":{"index":"index","follow":"follow","max-snippet":"max-snippet:-1","max-image-preview":"max-image-preview:large","max-video-preview":"max-video-preview:-1"},"canonical":"https:\/\/www.2000m2.eu\/it\/svizzera\/giornata-mondiale-dellalimentazione\/","og_locale":"it_IT","og_type":"article","og_title":"Giornata mondiale dell'alimentazione - 2000m2","og_description":"I nostri sistemi alimentari riflettono le relazioni di potere globali. Abbiamo la possibilit\u00e0 di utilizzare approcci locali, trasparenti e agroecologici per promuovere la decolonizzazione del sistema alimentare a livello regionale, nazionale e internazionale. La conferenza della Giornata Mondiale dell'Alimentazione mostrer\u00e0 come la transizione possa essere avviata a tutti i livelli.  ...","og_url":"https:\/\/www.2000m2.eu\/it\/svizzera\/giornata-mondiale-dellalimentazione\/","og_site_name":"2000m2","article_published_time":"2024-10-10T10:21:00+00:00","article_modified_time":"2025-12-05T16:04:09+00:00","og_image":[{"width":300,"height":300,"url":"https:\/\/www.2000m2.eu\/wp-content\/uploads\/MachtUndMarkt_Insta_1080-300x300-1.jpg","type":"image\/jpeg"}],"author":"St\u00e9phanie W\u00fcrth","twitter_card":"summary_large_image","twitter_misc":{"Scritto da":"St\u00e9phanie W\u00fcrth","Tempo di lettura stimato":"1 minuto"},"schema":{"@context":"https:\/\/schema.org","@graph":[{"@type":"Article","@id":"https:\/\/www.2000m2.eu\/it\/svizzera\/giornata-mondiale-dellalimentazione\/#article","isPartOf":{"@id":"https:\/\/www.2000m2.eu\/it\/svizzera\/giornata-mondiale-dellalimentazione\/"},"author":{"name":"St\u00e9phanie W\u00fcrth","@id":"https:\/\/www.2000m2.eu\/it\/#\/schema\/person\/3d02596171b6ba549800d3e5cb04862f"},"headline":"Giornata mondiale dell&#8217;alimentazione","datePublished":"2024-10-10T10:21:00+00:00","dateModified":"2025-12-05T16:04:09+00:00","mainEntityOfPage":{"@id":"https:\/\/www.2000m2.eu\/it\/svizzera\/giornata-mondiale-dellalimentazione\/"},"wordCount":204,"publisher":{"@id":"https:\/\/www.2000m2.eu\/it\/#organization"},"image":{"@id":"https:\/\/www.2000m2.eu\/it\/svizzera\/giornata-mondiale-dellalimentazione\/#primaryimage"},"thumbnailUrl":"https:\/\/www.2000m2.eu\/wp-content\/uploads\/MachtUndMarkt_Insta_1080-300x300-1.jpg","articleSection":["Svizzera"],"inLanguage":"it-IT"},{"@type":"WebPage","@id":"https:\/\/www.2000m2.eu\/it\/svizzera\/giornata-mondiale-dellalimentazione\/","url":"https:\/\/www.2000m2.eu\/it\/svizzera\/giornata-mondiale-dellalimentazione\/","name":"Giornata mondiale dell'alimentazione - 2000m2","isPartOf":{"@id":"https:\/\/www.2000m2.eu\/it\/#website"},"primaryImageOfPage":{"@id":"https:\/\/www.2000m2.eu\/it\/svizzera\/giornata-mondiale-dellalimentazione\/#primaryimage"},"image":{"@id":"https:\/\/www.2000m2.eu\/it\/svizzera\/giornata-mondiale-dellalimentazione\/#primaryimage"},"thumbnailUrl":"https:\/\/www.2000m2.eu\/wp-content\/uploads\/MachtUndMarkt_Insta_1080-300x300-1.jpg","datePublished":"2024-10-10T10:21:00+00:00","dateModified":"2025-12-05T16:04:09+00:00","breadcrumb":{"@id":"https:\/\/www.2000m2.eu\/it\/svizzera\/giornata-mondiale-dellalimentazione\/#breadcrumb"},"inLanguage":"it-IT","potentialAction":[{"@type":"ReadAction","target":["https:\/\/www.2000m2.eu\/it\/svizzera\/giornata-mondiale-dellalimentazione\/"]}]},{"@type":"ImageObject","inLanguage":"it-IT","@id":"https:\/\/www.2000m2.eu\/it\/svizzera\/giornata-mondiale-dellalimentazione\/#primaryimage","url":"https:\/\/www.2000m2.eu\/wp-content\/uploads\/MachtUndMarkt_Insta_1080-300x300-1.jpg","contentUrl":"https:\/\/www.2000m2.eu\/wp-content\/uploads\/MachtUndMarkt_Insta_1080-300x300-1.jpg","width":300,"height":300},{"@type":"BreadcrumbList","@id":"https:\/\/www.2000m2.eu\/it\/svizzera\/giornata-mondiale-dellalimentazione\/#breadcrumb","itemListElement":[{"@type":"ListItem","position":1,"name":"Home","item":"https:\/\/www.2000m2.eu\/it\/"},{"@type":"ListItem","position":2,"name":"Giornata mondiale dell&#8217;alimentazione"}]},{"@type":"WebSite","@id":"https:\/\/www.2000m2.eu\/it\/#website","url":"https:\/\/www.2000m2.eu\/it\/","name":"2000m2","description":"","publisher":{"@id":"https:\/\/www.2000m2.eu\/it\/#organization"},"potentialAction":[{"@type":"SearchAction","target":{"@type":"EntryPoint","urlTemplate":"https:\/\/www.2000m2.eu\/it\/?s={search_term_string}"},"query-input":{"@type":"PropertyValueSpecification","valueRequired":true,"valueName":"search_term_string"}}],"inLanguage":"it-IT"},{"@type":"Organization","@id":"https:\/\/www.2000m2.eu\/it\/#organization","name":"2000m2","url":"https:\/\/www.2000m2.eu\/it\/","logo":{"@type":"ImageObject","inLanguage":"it-IT","@id":"https:\/\/www.2000m2.eu\/it\/#\/schema\/logo\/image\/","url":"https:\/\/www.2000m2.eu\/wp-content\/uploads\/logo.png","contentUrl":"https:\/\/www.2000m2.eu\/wp-content\/uploads\/logo.png","width":445,"height":140,"caption":"2000m2"},"image":{"@id":"https:\/\/www.2000m2.eu\/it\/#\/schema\/logo\/image\/"}},{"@type":"Person","@id":"https:\/\/www.2000m2.eu\/it\/#\/schema\/person\/3d02596171b6ba549800d3e5cb04862f","name":"St\u00e9phanie W\u00fcrth","url":"https:\/\/www.2000m2.eu\/it\/author\/steffi\/"}]}},"_links":{"self":[{"href":"https:\/\/www.2000m2.eu\/it\/wp-json\/wp\/v2\/posts\/25761","targetHints":{"allow":["GET"]}}],"collection":[{"href":"https:\/\/www.2000m2.eu\/it\/wp-json\/wp\/v2\/posts"}],"about":[{"href":"https:\/\/www.2000m2.eu\/it\/wp-json\/wp\/v2\/types\/post"}],"author":[{"embeddable":true,"href":"https:\/\/www.2000m2.eu\/it\/wp-json\/wp\/v2\/users\/3"}],"replies":[{"embeddable":true,"href":"https:\/\/www.2000m2.eu\/it\/wp-json\/wp\/v2\/comments?post=25761"}],"version-history":[{"count":1,"href":"https:\/\/www.2000m2.eu\/it\/wp-json\/wp\/v2\/posts\/25761\/revisions"}],"predecessor-version":[{"id":25762,"href":"https:\/\/www.2000m2.eu\/it\/wp-json\/wp\/v2\/posts\/25761\/revisions\/25762"}],"wp:featuredmedia":[{"embeddable":true,"href":"https:\/\/www.2000m2.eu\/it\/wp-json\/wp\/v2\/media\/23278"}],"wp:attachment":[{"href":"https:\/\/www.2000m2.eu\/it\/wp-json\/wp\/v2\/media?parent=25761"}],"wp:term":[{"taxonomy":"category","embeddable":true,"href":"https:\/\/www.2000m2.eu\/it\/wp-json\/wp\/v2\/categories?post=25761"},{"taxonomy":"post_tag","embeddable":true,"href":"https:\/\/www.2000m2.eu\/it\/wp-json\/wp\/v2\/tags?post=25761"}],"curies":[{"name":"wp","href":"https:\/\/api.w.org\/{rel}","templated":true}]}}